{"id":2958,"date":"2014-09-06T11:03:18","date_gmt":"2014-09-06T14:03:18","guid":{"rendered":"http:\/\/hifiplanet.com.br\/blog\/?p=2958"},"modified":"2021-06-14T17:27:21","modified_gmt":"2021-06-14T20:27:21","slug":"quando-identificamos-o-mesmo-objeto-pelo-som-ouvimos-igual","status":"publish","type":"post","link":"https:\/\/www.hifiplanet.com.br\/blog\/quando-identificamos-o-mesmo-objeto-pelo-som-ouvimos-igual\/","title":{"rendered":"Quando Identificamos o Mesmo Objeto Pelo Som, Ouvimos Igual?"},"content":{"rendered":"<p>Infelizmente alguns cr\u00edticos n\u00e3o aceitam que ouvimos de forma diferente. Ignoram a ci\u00eancia e os fatos, defendem o subjetivismo puro e criam conceitos absurdos para defender suas id\u00e9ias. Vamos rebater mais uma destas cr\u00edticas aqui neste artigo.<\/p>\n<p><!--more--><\/p>\n<p>\u00c9 preciso admitir que o mundo moderno acaba nos expondo a todo tipo de ru\u00eddo, e at\u00e9 uma pessoa que n\u00e3o conviva diretamente num local reconhecidamente com elevado n\u00edvel de ru\u00eddo tamb\u00e9m tem a sua audi\u00e7\u00e3o comprometida com situa\u00e7\u00f5es comuns do dia a dia.<\/p>\n<p>At\u00e9 jovens t\u00eam problemas auditivos s\u00e9rios, pois acabam se expondo a elevados n\u00edveis de volume do som do carro, de fones de ouvido, de danceterias, etc. Os ru\u00eddos de uma cidade grande tamb\u00e9m reduzem significativamente a sensibilidade dos ouvidos, que muitas vezes n\u00e3o prejudicam todo o espectro aud\u00edvel, mas normalmente os extremos, n\u00e3o se limitando somente a estes. Em muitos casos at\u00e9 a faixa de m\u00e9dias frequ\u00eancias acabam prejudicadas.<br \/>\nTeve uma vez que eu queria ir mais a fundo neste estudo, e comecei a carregar comigo um decibel\u00edmetro profissional para medir os ru\u00eddos do dia a dia. \u00c9 impressionante os n\u00edveis de press\u00e3o sonora que medi at\u00e9 dentro de autom\u00f3veis com os vidros fechados. O ru\u00eddo do motor, do deslocamento de ar, dos pneus em contato com o piso, o som ligado, conversas, etc&#8230;<\/p>\n<p>Algu\u00e9m j\u00e1 mediu os n\u00edveis de volume de uma alegre fam\u00edlia italiana reunida num bom bate-papo?\u00a0Quando a fam\u00edlia de minha esposa se re\u00fane para conversar, honestamente, muitas vezes deixo a sala at\u00e9 com um zumbido nos ouvidos&#8230; \u00e9 engra\u00e7ado e divertido, mas uma tortura para os meus ouvidos&#8230; (que eles n\u00e3o leiam isso&#8230; e se lerem que n\u00e3o acreditem&#8230; e se acreditarem que eu n\u00e3o esteja por perto&#8230; )<\/p>\n<p>Graves exagerados num sistema de HT tamb\u00e9m provocam perdas auditivas, e isso \u00e9 percept\u00edvel quando acabamos de ver um filme &#8220;barulhento&#8221; e notamos o &#8220;ru\u00eddo de fundo&#8221; de nossos ouvidos.<\/p>\n<p>Sabiam que at\u00e9 beb\u00eas podem ser expostos a ru\u00eddos elevados e ter preju\u00edzos no sistema auditivo? Crian\u00e7as e adolescentes tamb\u00e9m sofrem perdas por diversos motivos.<\/p>\n<p>E tudo isso sem considerar as varia\u00e7\u00f5es naturais de nossos ouvidos. Quem acredita no conversinha de alguns &#8220;entendidos de \u00e1udio&#8221; de que nossos ouvidos s\u00e3o instrumentos precisos e confi\u00e1veis est\u00e1 se deixando levar por uma demonstra\u00e7\u00e3o clara de falta de conhecimento destes &#8220;especialistas&#8221;, que se apresentam como consultores de \u00e1udio, revisores cr\u00edticos de equipamentos, etc. Cada um ouve de sua forma, e sua forma \u00e9 diferente dos demais.<\/p>\n<p>Quando comecei a explorar esta id\u00e9ia, teve uma certa publica\u00e7\u00e3o &#8220;especializada&#8221; que mencionou que isso era uma grande bobagem, numa clara tentativa de desmerecer o trabalho que eu estava fazendo. Para tentar convencer os seus leitores de sua posi\u00e7\u00e3o, o autor do ataque sugeriu que se ouv\u00edssemos diferente, ent\u00e3o como poder\u00edamos identificar os mesmos objetos causadores dos sons?<br \/>\nFoi uma argumenta\u00e7\u00e3o pobre e infeliz de algu\u00e9m que mais uma vez provou estar bem longe da realidade do mundo audi\u00f3filo. Explico&#8230;<br \/>\nO que voc\u00ea v\u00ea na figura abaixo?<\/p>\n<p><a href=\"http:\/\/hifiplanet.com.br\/blog\/wp-content\/uploads\/2014\/09\/flor-azul2.jpg\"><img decoding=\"async\" loading=\"lazy\" class=\"alignnone size-full wp-image-2942\" src=\"http:\/\/hifiplanet.com.br\/blog\/wp-content\/uploads\/2014\/09\/flor-azul2.jpg\" alt=\"flor-azul2\" width=\"259\" height=\"194\" \/><\/a><\/p>\n<p>Respondeu uma flor azul com 5 p\u00e9talas em fundo verde? Parab\u00e9ns !!! acertou.<\/p>\n<p>E agora?<\/p>\n<p><a href=\"http:\/\/hifiplanet.com.br\/blog\/wp-content\/uploads\/2014\/09\/florazul3.jpg\"><img decoding=\"async\" loading=\"lazy\" class=\"alignnone size-full wp-image-2943\" src=\"http:\/\/hifiplanet.com.br\/blog\/wp-content\/uploads\/2014\/09\/florazul3.jpg\" alt=\"florazul3\" width=\"259\" height=\"194\" \/><\/a><\/p>\n<p>Deixe eu adivinhar&#8230;. uma flor azul de 5 p\u00e9talas?<\/p>\n<p>E na figura abaixo?<\/p>\n<p><a href=\"http:\/\/hifiplanet.com.br\/blog\/wp-content\/uploads\/2014\/09\/florazul4.jpg\"><img decoding=\"async\" loading=\"lazy\" class=\"alignnone size-full wp-image-2944\" src=\"http:\/\/hifiplanet.com.br\/blog\/wp-content\/uploads\/2014\/09\/florazul4.jpg\" alt=\"florazul4\" width=\"259\" height=\"194\" \/><\/a><\/p>\n<p>Ainda a flor azul de 5 p\u00e9talas? Algu\u00e9m v\u00ea uma flor vermelha ou com mais de 5 p\u00e9talas?<\/p>\n<p>E agora?<\/p>\n<p><a href=\"http:\/\/hifiplanet.com.br\/blog\/wp-content\/uploads\/2014\/09\/florazul5.jpg\"><img decoding=\"async\" loading=\"lazy\" class=\"alignnone size-full wp-image-2945\" src=\"http:\/\/hifiplanet.com.br\/blog\/wp-content\/uploads\/2014\/09\/florazul5.jpg\" alt=\"florazul5\" width=\"259\" height=\"194\" \/><\/a><\/p>\n<p>E por \u00faltimo esta&#8230; o que voc\u00ea v\u00ea aqui?<\/p>\n<p><a href=\"http:\/\/hifiplanet.com.br\/blog\/wp-content\/uploads\/2014\/09\/florazul1.jpg\"><img decoding=\"async\" loading=\"lazy\" class=\"alignnone size-full wp-image-2941\" src=\"http:\/\/hifiplanet.com.br\/blog\/wp-content\/uploads\/2014\/09\/florazul1.jpg\" alt=\"florazul1\" width=\"259\" height=\"194\" \/><\/a><\/p>\n<p>Acho que todo mundo concordaria que nas imagens acima temos uma flor azul, com 5 p\u00e9talas, do mesmo tamanho, preenchida ao fundo com uma folhagem verde, a regi\u00e3o central da flor em verde claro e&#8230; indo at\u00e9 mais longe&#8230; com um detalha alaranjado entre as duas p\u00e9talas inferiores.<\/p>\n<p>Agora pergunto&#8230; as 5 imagens s\u00e3o iguais?<\/p>\n<p><a href=\"http:\/\/hifiplanet.com.br\/blog\/wp-content\/uploads\/2014\/09\/flor-azul2.jpg\"><img decoding=\"async\" loading=\"lazy\" class=\"alignnone size-full wp-image-2942\" src=\"http:\/\/hifiplanet.com.br\/blog\/wp-content\/uploads\/2014\/09\/flor-azul2.jpg\" alt=\"flor-azul2\" width=\"259\" height=\"194\" \/><\/a> <a href=\"http:\/\/hifiplanet.com.br\/blog\/wp-content\/uploads\/2014\/09\/florazul3.jpg\"><img decoding=\"async\" loading=\"lazy\" class=\"alignnone size-full wp-image-2943\" src=\"http:\/\/hifiplanet.com.br\/blog\/wp-content\/uploads\/2014\/09\/florazul3.jpg\" alt=\"florazul3\" width=\"259\" height=\"194\" \/><\/a> <a href=\"http:\/\/hifiplanet.com.br\/blog\/wp-content\/uploads\/2014\/09\/florazul4.jpg\"><img decoding=\"async\" loading=\"lazy\" class=\"alignnone size-full wp-image-2944\" src=\"http:\/\/hifiplanet.com.br\/blog\/wp-content\/uploads\/2014\/09\/florazul4.jpg\" alt=\"florazul4\" width=\"259\" height=\"194\" \/><\/a> <a href=\"http:\/\/hifiplanet.com.br\/blog\/wp-content\/uploads\/2014\/09\/florazul5.jpg\"><img decoding=\"async\" loading=\"lazy\" class=\"alignnone size-full wp-image-2945\" src=\"http:\/\/hifiplanet.com.br\/blog\/wp-content\/uploads\/2014\/09\/florazul5.jpg\" alt=\"florazul5\" width=\"259\" height=\"194\" \/><\/a> <a href=\"http:\/\/hifiplanet.com.br\/blog\/wp-content\/uploads\/2014\/09\/florazul1.jpg\"><img decoding=\"async\" loading=\"lazy\" class=\"alignnone size-full wp-image-2941\" src=\"http:\/\/hifiplanet.com.br\/blog\/wp-content\/uploads\/2014\/09\/florazul1.jpg\" alt=\"florazul1\" width=\"259\" height=\"194\" \/><\/a><\/p>\n<p>Se considerarmos ainda que as pessoas enxergam a cor azul em tonalidades bem diferentes, e em alguns casos extremos como verde, as diferen\u00e7as seriam ainda maiores.<\/p>\n<p>O fato de identificarmos o mesmo objeto n\u00e3o necessariamente significa que s\u00e3o id\u00eanticos, mas que nossa percep\u00e7\u00e3o assim os apresentam.<br \/>\nOu seja, se distribuirmos para cinco pessoas diferentes as imagens acima, cada uma delas vai responder com toda a precis\u00e3o que se trata de uma flor, de cor azul, com 5 p\u00e9talas, com um fundo de folhagem verde, com um detalhe alaranjado entre as duas p\u00e9talas inferiores, com a regi\u00e3o central da flor em alaranjado, com um detalhe claro na parte superior esquerda, do mesmo tamanho, etc. Todos acertar\u00e3o do que se trata a imagem, apesar da &#8220;realidade&#8221; alterada de cada uma das imagens.<\/p>\n<p>Percebam que uma imagem \u00e9 pouco subjetiva. O que voc\u00ea v\u00ea est\u00e1 l\u00e1. Com ou sem ajuda de \u00f3culos, o fato \u00e9 que voc\u00ea est\u00e1 &#8220;visualizando&#8221; a imagem dentro de suas limita\u00e7\u00f5es.<br \/>\nNa audi\u00e7\u00e3o a situa\u00e7\u00e3o \u00e9 ainda mais cr\u00edtica, pois existe um forte subjetivismo que \u00e9 tamb\u00e9m influenciado fortemente pelas nossas caracter\u00edsticas auditivas.<br \/>\nA percep\u00e7\u00e3o sonora \u00e9 ainda mais complexa e imprecisa sob o ponto de vista do reconhecimento.<\/p>\n<p>Fa\u00e7amos agora outra experi\u00eancia e entreguemos a este mesmo grupo de 5 pessoas a mesma imagem de uma destas cinco que apresento aqui. Cada uma delas vai enxergar a imagem de seu modo, porque nossa vis\u00e3o tamb\u00e9m possui caracter\u00edsticas individuais, e em muitos casos t\u00e3o intensas que nos obriga a usar um par de \u00f3culos. Por\u00e9m, novamente, todos v\u00e3o relatar o mesmo objeto.<\/p>\n<p>Agora, em outra dire\u00e7\u00e3o eu pergunto&#8230; qual das imagens agradaria a cada um dos observadores? O gosto de cada um iria prevalecer aqui.<\/p>\n<p>Por isso defendo a personaliza\u00e7\u00e3o de um sistema de som, ajustado a cada pessoa e aos seus pr\u00f3prios ouvidos. Porque estabelecer que a resposta &#8220;flat&#8221; de um sistema de som \u00e9 o resultado ideal para todo mundo se cada um ouve de uma forma diferente e distorcida da realidade? E o que \u00e9 realidade? Se voc\u00ea tem uma defici\u00eancia visual, ao ver esta flor acima ao &#8220;ao vivo e em cores&#8221; vai enxerg\u00e1-la de forma tamb\u00e9m distorcida. Por\u00e9m, coloque uma foto desta flor na tela de sua TV, e em seguida coloque um par de \u00f3culos de corre\u00e7\u00e3o para ajustar o grau de sua vis\u00e3o. Qual das imagens agora ser\u00e1 mais precisa e real, a imagem que voc\u00ea v\u00ea ao vivo ou aquela na tela de sua TV? Qual lhe mostrar\u00e1 mais detalhes? Percebam que a imagem da TV seria uma imagem mais real, e aquela &#8220;ao vivo&#8221; seria a distorcida.<br \/>\nN\u00e3o vou entrar em detalhes sobre o ajuste de cores da TV, a influ\u00eancia da luz da sala na tela da TV, etc&#8230; sen\u00e3o aprofundar\u00edamos demais o tema e n\u00e3o \u00e9 este o objetivo deste artigo.<\/p>\n<p>A infeliz publica\u00e7\u00e3o que tentou desmerecer este trabalho, curiosamente, publicou mais tarde um teste de uma TV, e o &#8220;revisor cr\u00edtico&#8221; finaliza sua avalia\u00e7\u00e3o afirmando que ele e os demais presentes ao teste conclu\u00edram com total seguran\u00e7a que a imagem da TV era melhor que a imagem ao vivo da sala onde estavam, e que esta lhes parecia mais &#8220;emba\u00e7ada&#8221;&#8230; vai entender tamanha contradi\u00e7\u00e3o, ali\u00e1s muito comum em suas p\u00e1ginas.<\/p>\n<p>N\u00e3o \u00e9 f\u00e1cil expor esta id\u00e9ia, pois, costumo receber mensagens de ofensa, invas\u00e3o de terceiros que n\u00e3o tem interesse neste tipo de abordagem por raz\u00f5es de ordem pessoal e comercial, e at\u00e9 amea\u00e7as.<br \/>\nMas n\u00e3o vou desistir de evoluir este tema, pois est\u00e1 na hora de enxergarmos a audiofilia como ela \u00e9, com maturidade, honestidade e com desprendimento das &#8220;bobagens audi\u00f3filas&#8221; que durante muito tempo &#8220;hipnotizaram&#8221; e enganaram os apaixonados por este incr\u00edvel <em>hobby<\/em>.<\/p>\n<p>Esta foi somente mais uma cr\u00edtica que recebi e que s\u00f3 serve para provar como algumas verdades parecem incomodar alguns interesses, e como o desespero traz a tona o que de mais triste existe neste <em>hobby<\/em>.<\/p>\n","protected":false},"excerpt":{"rendered":"<div class=\"mh-excerpt\"><p>Infelizmente alguns cr\u00edticos n\u00e3o aceitam que ouvimos de forma diferente. Ignoram a ci\u00eancia e os fatos, defendem o subjetivismo puro e criam conceitos absurdos para defender suas id\u00e9ias. Vamos rebater mais uma destas cr\u00edticas aqui neste artigo.<\/p>\n<\/div>","protected":false},"author":1,"featured_media":2946,"comment_status":"open","ping_status":"closed","sticky":false,"template":"","format":"standard","meta":[],"categories":[15],"tags":[155],"_links":{"self":[{"href":"https:\/\/www.hifiplanet.com.br\/blog\/wp-json\/wp\/v2\/posts\/2958"}],"collection":[{"href":"https:\/\/www.hifiplanet.com.br\/blog\/wp-json\/wp\/v2\/posts"}],"about":[{"href":"https:\/\/www.hifiplanet.com.br\/blog\/wp-json\/wp\/v2\/types\/post"}],"author":[{"embeddable":true,"href":"https:\/\/www.hifiplanet.com.br\/blog\/wp-json\/wp\/v2\/users\/1"}],"replies":[{"embeddable":true,"href":"https:\/\/www.hifiplanet.com.br\/blog\/wp-json\/wp\/v2\/comments?post=2958"}],"version-history":[{"count":3,"href":"https:\/\/www.hifiplanet.com.br\/blog\/wp-json\/wp\/v2\/posts\/2958\/revisions"}],"predecessor-version":[{"id":3211,"href":"https:\/\/www.hifiplanet.com.br\/blog\/wp-json\/wp\/v2\/posts\/2958\/revisions\/3211"}],"wp:featuredmedia":[{"embeddable":true,"href":"https:\/\/www.hifiplanet.com.br\/blog\/wp-json\/wp\/v2\/media\/2946"}],"wp:attachment":[{"href":"https:\/\/www.hifiplanet.com.br\/blog\/wp-json\/wp\/v2\/media?parent=2958"}],"wp:term":[{"taxonomy":"category","embeddable":true,"href":"https:\/\/www.hifiplanet.com.br\/blog\/wp-json\/wp\/v2\/categories?post=2958"},{"taxonomy":"post_tag","embeddable":true,"href":"https:\/\/www.hifiplanet.com.br\/blog\/wp-json\/wp\/v2\/tags?post=2958"}],"curies":[{"name":"wp","href":"https:\/\/api.w.org\/{rel}","templated":true}]}}