{"id":1740,"date":"2011-04-27T21:24:59","date_gmt":"2011-04-28T00:24:59","guid":{"rendered":"http:\/\/hifiplanet.com.br\/blog\/?p=1740"},"modified":"2021-06-09T17:40:39","modified_gmt":"2021-06-09T20:40:39","slug":"projeto-%e2%80%9ca-caixa%e2%80%9d-%e2%80%93-parte-ix-%e2%80%93-ajustes","status":"publish","type":"post","link":"https:\/\/www.hifiplanet.com.br\/blog\/projeto-%e2%80%9ca-caixa%e2%80%9d-%e2%80%93-parte-ix-%e2%80%93-ajustes\/","title":{"rendered":"Projeto \u201cA Caixa\u201d \u2013 Parte IX \u2013 Ajustes"},"content":{"rendered":"<p style=\"text-align: justify;\">Depois de conclu\u00edda a montagem das caixas, elas foram deixadas funcionando por mais de 200 horas. Durante esse per\u00edodo de amaciamento as caixas se aproximaram de suas caracter\u00edsticas finais, e posteriormente alguns ajustes foram realizados. Para compreender melhor como funcionam estes ajustes, acompanhe este cap\u00edtulo.<\/p>\n<p style=\"text-align: justify;\"><!--more-->Como j\u00e1 mencionamos nos cap\u00edtulos anteriores, estas caixas foram idealizadas sempre com o objetivo de se ajustarem aos equipamentos e \u00e0 sala de instala\u00e7\u00e3o (e l\u00f3gico&#8230;\u00a0 aos meus ouvidos).<\/p>\n<p style=\"text-align: justify;\">J\u00e1 sabemos que n\u00e3o existe uma caixa ideal, e que cada modelo possui caracter\u00edsticas pr\u00f3prias de acordo com a inten\u00e7\u00e3o do projetista.<br \/>\nUm projetista ingl\u00eas me disse que no momento de se definir pelo lan\u00e7amento de uma nova caixa para o mercado, a primeira coisa que se faz \u00e9 definir quais ser\u00e3o suas caracter\u00edsticas. Assim, tenta-se imaginar que tipo de equipamento ser\u00e1 utilizado com ela. Ele comentou que, por exemplo, uma caixa projetada para trabalhar com um amplificador transistorizado pode se mostrar um desastre ao tentar combinar com um modelo valvulado. E mesmo cada tipo de amplificador possui caracter\u00edsticas muito distintas que interferem no desempenho das caixas, como pot\u00eancia, capacidade de atender picos de alta corrente, fator de amortecimento, resposta de frequ\u00eancia, assinaturas s\u00f4nicas propositais e acidentais, distor\u00e7\u00e3o, ru\u00eddo e in\u00fameros outros fatores. O mesmo acontece com os <em>players<\/em> (digitais ou valvulados), cabos, energia el\u00e9trica e&#8230; principalmente&#8230; a ac\u00fastica da sala e o padr\u00e3o m\u00e9dio de audi\u00e7\u00e3o dos usu\u00e1rios. Ou seja, n\u00e3o existe uma regra. Uma caixa n\u00e3o \u00e9\u00a0 (e nem pode ser) padronizada, e cada fabricante adota seus par\u00e2metros tendo ainda como base o gosto de seu p\u00fablico e as rea\u00e7\u00f5es dos avaliadores.<\/p>\n<p style=\"text-align: justify;\">Pegue as melhores caixas dos mais renomados fabricantes mundiais e descobrir\u00e1 que todas tocam de forma diferente.<br \/>\nN\u00e3o se trata de dificuldade para conseguir fabricar uma caixa teoricamente\u00a0 ideal, mas t\u00e3o somente de tentar produz\u00ed-la com\u00a0 boa qualidade e dentro de suposi\u00e7\u00f5es de utiliza\u00e7\u00e3o.<br \/>\nO mercado \u00e9 muito estranho, e alguns par\u00e2metros s\u00e3o bastante &#8220;incompreens\u00edveis&#8221;. Por exemplo, alguns equipamentos elogiados pelo p\u00fablico e at\u00e9 pela cr\u00edtica apresentam altos n\u00edveis de distor\u00e7\u00e3o. Apesar da \u00f3bvia deteriora\u00e7\u00e3o do som, muitos afirmam que ele fica melhor que outro sem distor\u00e7\u00e3o. Muito curioso, e isso novamente refor\u00e7a a minha tese de que som ao vivo n\u00e3o \u00e9 refer\u00eancia, pois alguns consumidores preferem o som alterado, afinal, distor\u00e7\u00e3o \u00e9 uma altera\u00e7\u00e3o.<br \/>\nAlguns j\u00e1 n\u00e3o aceitam isso, como citamos no caso do amplificador DarTZeel, que divide opini\u00f5es justamente por conta de problemas com distor\u00e7\u00e3o, separa\u00e7\u00e3o entre canais e outros desvios do que seria considerado ideal.<br \/>\nAssim, alguns adoram o equipamento, outros o odeiam. Eu sou um dos que se incomodam com isso.<br \/>\nMas, isso \u00e9 assunto para outro artigo que j\u00e1 comecei a escrever.<\/p>\n<p style=\"text-align: justify;\">Veja como \u00e9 dif\u00edcil estabelecer as caracter\u00edsticas de um equipamento, principalmente de uma caixa ac\u00fastica.<\/p>\n<p style=\"text-align: justify;\">Por isso estas caixas que constru\u00ed, desde o come\u00e7o, deveriam fugir deste conceito de &#8220;adotar e tentar&#8221;. Elas teriam que ser ajust\u00e1veis \u00e0 sala e ao restante do sistema, qualquer que fosse esse e onde fosse.<\/p>\n<p style=\"text-align: justify;\">Desta forma, um dos primeiros cuidados foi com o divisor de frequ\u00eancias. Ele deveria permitir alguns ajustes para otimizar n\u00edveis de sinal, frequ\u00eancias, fases, cortes, etc. Al\u00e9m disso, deveria permitir uma flexibilidade muito grande no dif\u00edcil ajuste dos graves, ainda considerando que estas caixas teriam graves muito extensos.<\/p>\n<p style=\"text-align: justify;\">Se observarmos a fotos do divisor de frequ\u00eancias, abaixo, notaremos duas placas amarelas que justamente est\u00e3o a\u00ed para facilitar os ajustes.<\/p>\n<p style=\"text-align: justify;\"><a href=\"http:\/\/hifiplanet.com.br\/blog\/wp-content\/uploads\/2011\/02\/acaixa3.jpg\"><img decoding=\"async\" loading=\"lazy\" class=\"alignnone size-full wp-image-1515\" title=\"acaixa3\" src=\"http:\/\/hifiplanet.com.br\/blog\/wp-content\/uploads\/2011\/02\/acaixa3.jpg\" alt=\"\" width=\"533\" height=\"400\" srcset=\"https:\/\/www.hifiplanet.com.br\/blog\/wp-content\/uploads\/2011\/02\/acaixa3.jpg 533w, https:\/\/www.hifiplanet.com.br\/blog\/wp-content\/uploads\/2011\/02\/acaixa3-300x225.jpg 300w\" sizes=\"(max-width: 533px) 100vw, 533px\" \/><\/a><\/p>\n<p style=\"text-align: justify;\">A placa da esquerda, atrav\u00e9s de uma simples combina\u00e7\u00e3o das conex\u00f5es, permite trabalhar com um falante de graves ou com os dois poss\u00edveis, mudar a imped\u00e2ncia do conjunto para 4, 8 ou 16 ohms, alterar a sensibilidade das caixas, fase dos falantes, posi\u00e7\u00e3o de funcionamento, inclus\u00e3o de novos componentes de ajustes, etc.<br \/>\nTudo isso afetar\u00e1 a forma de funcionamento da caixa, permitindo fazer o que se quiser com os graves.<\/p>\n<p style=\"text-align: justify;\">A placa da direita tamb\u00e9m interliga o divisor de frequ\u00eancias ao falante de m\u00e9dios, <em>tweeter<\/em> e <em>super tweeter<\/em> (que est\u00e1 sendo substitu\u00eddo pelo fabricante por um modelo customizado). Essa facilidade de conex\u00e3o permite total liberdade para qualquer ajuste no funcionamento destes componentes, e foi essencial para inclus\u00e3o dos L-pads para os ajustes finais.<\/p>\n<p style=\"text-align: justify;\">O acesso traseiro da caixa tamb\u00e9m \u00e9 um recurso providencial. Por al\u00ed \u00e9 poss\u00edvel modificar facilmente a quantidade de material ac\u00fastico no interior da caixa, substituir essa tampa por outra sem duto ou simplesmente fechar o duto, para funcionamento em modo selado. Por essa abertura tamb\u00e9m \u00e9 poss\u00edvel mudar o volume interno da caixa facilmente, incluindo uma tampa com ressalto interno ou sali\u00eancia externa, ou mesmo utilizando um enchimento r\u00edgido no interior do gabinete.<\/p>\n<p style=\"text-align: justify;\">Logo no in\u00edcio dos testes j\u00e1 pude realizar ajustes diversos para encontrar o melhor resultado para o meu sistema. A caixa foi completamente customizada para a aplica\u00e7\u00e3o espec\u00edfica em minha sala.<br \/>\nPercebi dificuldades com o<em> super tweeter<\/em>. Mesmo sendo considerado\u00a0 o\u00a0 melhor e mais sofisticado do mercado, ele apresentou um pequeno inc\u00f4modo auditivo, justamente por conta do que comentei logo acima: distor\u00e7\u00e3o.<br \/>\nO fabricante informou que tinha a solu\u00e7\u00e3o para isso, mas justamente n\u00e3o a implementava por raz\u00f5es de custo e porque a maioria do mercado n\u00e3o \u00e9 sens\u00edvel ao problema.<br \/>\nO componente retornou ao fabricante que realizar\u00e1 algumas modifica\u00e7\u00f5es, inclusive com a substitui\u00e7\u00e3o de um componente de pl\u00e1stico por outro de alum\u00ednio usinado, e a utiliza\u00e7\u00e3o de um domo de material mais nobre.<br \/>\nAqui podemos perceber a import\u00e2ncia destes recursos de ajustes. Fica f\u00e1cil identificar de quem \u00e9 a culpa por qualquer desvio de desempenho, pois tudo na caixa pode ser modificado a qualquer instante.<\/p>\n<p style=\"text-align: justify;\">A substitui\u00e7\u00e3o de componentes por lan\u00e7amentos mais atuais tamb\u00e9m \u00e9 bastante simples, j\u00e1 que tudo pode ser reajustado para o novo componente. Como os falantes utilizados s\u00e3o modelos de alta qualidade e j\u00e1 customizados dentro de uma exig\u00eancia t\u00e9cnica mais elevada, a necessidade de substitui\u00e7\u00e3o destes componentes parece distante, mas certamente ser\u00e1 necess\u00e1ria um dia.<br \/>\nApenas por curiosidade, substitu\u00edmos os <em>tweeters<\/em> originais de uma caixa Dynaudio e de outra da Thiel, e a diferen\u00e7a surpreendeu a todos. Isso nos\u00a0 mostrou que o mercado <em>hi-end<\/em> de \u00e1udio, que supostamente deveria receber o melhor aperfei\u00e7oamento poss\u00edvel em seus componentes, na verdade \u00e9 tratado com certa reserva pelos fabricantes, muito provavelmente preocupados com custos e margens de lucros. No caso destas caixas, no patamar em que se encontram, isso \u00e9 inaceit\u00e1vel em minha opini\u00e3o.<\/p>\n<p style=\"text-align: justify;\">Aguardo a chegada dos novos <em>super tweeters<\/em> e de mais duzentas horas de amaciamento das caixas para a realiza\u00e7\u00e3o de novos ajustes.<br \/>\nA utiliza\u00e7\u00e3o do <em>super tweeter<\/em> \u00e9 necess\u00e1ria, pois t<em>weeters<\/em> convencionais, principalmente do tipo <em>softdome<\/em>, t\u00eam uma extens\u00e3o bastante modesta.<\/p>\n<p style=\"text-align: justify;\">O <em>toe-in<\/em>,  depois de alguns ajustes nas caixas, foi eliminado neste final de semana prolongado pelo feriado que me permitiu realizar in\u00fameros testes, motivados inclusive pela substitui\u00e7\u00e3o de meus amplificadores (pr\u00e9\/power) e de meu DAC, al\u00e9m da inclus\u00e3o de alguns novos cabos.<\/p>\n<p style=\"text-align: justify;\">Amigos audi\u00f3filos que estiveram presentes nesta oportunidade foram un\u00e2nimes em afirmar que de todas as caixas que j\u00e1 tive em minha sala, pr\u00f3prias ou para testes, estas novas ficaram muito \u00e0 frente em qualidade em rela\u00e7\u00e3o \u00e0quelas.<br \/>\nDentre as caracter\u00edsticas mais destacadas, percebemos graves muito extensos e naturais, de uma precis\u00e3o que eu nunca havia conseguido antes com nenhuma das caixas testadas. Pela primeira vez ouvi um solo de baixo parecer tocar dentro de minha sala, com uma naturalidade surpreendente.<br \/>\nOs m\u00e9dios e agudos tamb\u00e9m impressionaram. \u00c9 poss\u00edvel acreditar que os m\u00fasicos est\u00e3o dentro da sala, ou sendo mais preciso, alguns est\u00e3o fora dela, tamanha a extens\u00e3o do palco sonoro.<\/p>\n<p style=\"text-align: justify;\">O que mais me deixou feliz, depois destes testes iniciais, foi saber que tudo isso pode estar ao alcance de qualquer um. E da minha parte, fornecerei as orienta\u00e7\u00f5es, desenhos, fontes, fotos e especifica\u00e7\u00f5es necess\u00e1rias para quem desejar reproduzir este trabalho.<\/p>\n<p style=\"text-align: justify;\">Na pr\u00f3xima parte desta reportagem fornecerei\u00a0 outras caracter\u00edsticas t\u00e9cnicas destas caixas, e espero ainda publicar algumas medi\u00e7\u00f5es para compara\u00e7\u00e3o com as outras testadas, utilizando instrumentos espec\u00edficos para isso, um deles inclusive recentemente adquirido para esta finalidade.<\/p>\n<p style=\"text-align: justify;\">\n","protected":false},"excerpt":{"rendered":"<div class=\"mh-excerpt\"><p>Depois de conclu\u00edda a montagem das caixas, elas foram deixadas funcionando por mais de 200 horas. Durante esse per\u00edodo de amaciamento as caixas se aproximaram de suas caracter\u00edsticas finais, e posteriormente alguns ajustes foram realizados. Para compreender melhor como funcionam estes ajustes, acompanhe este cap\u00edtulo.<\/p>\n<\/div>","protected":false},"author":1,"featured_media":1713,"comment_status":"open","ping_status":"closed","sticky":false,"template":"","format":"standard","meta":[],"categories":[16],"tags":[],"_links":{"self":[{"href":"https:\/\/www.hifiplanet.com.br\/blog\/wp-json\/wp\/v2\/posts\/1740"}],"collection":[{"href":"https:\/\/www.hifiplanet.com.br\/blog\/wp-json\/wp\/v2\/posts"}],"about":[{"href":"https:\/\/www.hifiplanet.com.br\/blog\/wp-json\/wp\/v2\/types\/post"}],"author":[{"embeddable":true,"href":"https:\/\/www.hifiplanet.com.br\/blog\/wp-json\/wp\/v2\/users\/1"}],"replies":[{"embeddable":true,"href":"https:\/\/www.hifiplanet.com.br\/blog\/wp-json\/wp\/v2\/comments?post=1740"}],"version-history":[{"count":5,"href":"https:\/\/www.hifiplanet.com.br\/blog\/wp-json\/wp\/v2\/posts\/1740\/revisions"}],"predecessor-version":[{"id":2362,"href":"https:\/\/www.hifiplanet.com.br\/blog\/wp-json\/wp\/v2\/posts\/1740\/revisions\/2362"}],"wp:featuredmedia":[{"embeddable":true,"href":"https:\/\/www.hifiplanet.com.br\/blog\/wp-json\/wp\/v2\/media\/1713"}],"wp:attachment":[{"href":"https:\/\/www.hifiplanet.com.br\/blog\/wp-json\/wp\/v2\/media?parent=1740"}],"wp:term":[{"taxonomy":"category","embeddable":true,"href":"https:\/\/www.hifiplanet.com.br\/blog\/wp-json\/wp\/v2\/categories?post=1740"},{"taxonomy":"post_tag","embeddable":true,"href":"https:\/\/www.hifiplanet.com.br\/blog\/wp-json\/wp\/v2\/tags?post=1740"}],"curies":[{"name":"wp","href":"https:\/\/api.w.org\/{rel}","templated":true}]}}