{"id":1720,"date":"2011-04-25T08:55:22","date_gmt":"2011-04-25T11:55:22","guid":{"rendered":"http:\/\/hifiplanet.com.br\/blog\/?p=1720"},"modified":"2021-06-09T17:40:51","modified_gmt":"2021-06-09T20:40:51","slug":"projeto-%e2%80%9ca-caixa%e2%80%9d-%e2%80%93-parte-viii-%e2%80%93-montagem-dos-falantes-e-conexoes","status":"publish","type":"post","link":"https:\/\/www.hifiplanet.com.br\/blog\/projeto-%e2%80%9ca-caixa%e2%80%9d-%e2%80%93-parte-viii-%e2%80%93-montagem-dos-falantes-e-conexoes\/","title":{"rendered":"Projeto \u201cA Caixa\u201d \u2013 Parte VIII \u2013 Montagem dos Falantes e Conex\u00f5es"},"content":{"rendered":"<p style=\"text-align: justify;\">Montagem dos alto-falantes e dos bornes de liga\u00e7\u00e3o.<\/p>\n<p style=\"text-align: justify;\"><!--more-->Os alto-falantes foram fixados ao painel frontal da caixa por parafusos especiais, importados e de alto torque (a espessura do MDF de 30mm garantiu a resist\u00eancia necess\u00e1ria para um torque adequado).<\/p>\n<p style=\"text-align: justify;\">Parafusos utilizados na fixa\u00e7\u00e3o dos falantes:<br \/>\n<a href=\"http:\/\/hifiplanet.com.br\/blog\/wp-content\/uploads\/2011\/04\/DSC00101b.jpg\"><img decoding=\"async\" loading=\"lazy\" class=\"alignnone size-full wp-image-1721\" title=\"DSC00101b\" src=\"http:\/\/hifiplanet.com.br\/blog\/wp-content\/uploads\/2011\/04\/DSC00101b.jpg\" alt=\"\" width=\"550\" height=\"413\" srcset=\"https:\/\/www.hifiplanet.com.br\/blog\/wp-content\/uploads\/2011\/04\/DSC00101b.jpg 550w, https:\/\/www.hifiplanet.com.br\/blog\/wp-content\/uploads\/2011\/04\/DSC00101b-300x225.jpg 300w\" sizes=\"(max-width: 550px) 100vw, 550px\" \/><\/a><\/p>\n<p style=\"text-align: justify;\">\n<p style=\"text-align: justify;\">Todos os conectores foram prensados nos cabos e ainda soldados com solda com prata de alta qualidade.<br \/>\n<a href=\"http:\/\/hifiplanet.com.br\/blog\/wp-content\/uploads\/2011\/04\/PC126374b.jpg\"><img decoding=\"async\" loading=\"lazy\" class=\"alignnone size-full wp-image-1725\" title=\"PC126374b\" src=\"http:\/\/hifiplanet.com.br\/blog\/wp-content\/uploads\/2011\/04\/PC126374b.jpg\" alt=\"\" width=\"550\" height=\"413\" srcset=\"https:\/\/www.hifiplanet.com.br\/blog\/wp-content\/uploads\/2011\/04\/PC126374b.jpg 550w, https:\/\/www.hifiplanet.com.br\/blog\/wp-content\/uploads\/2011\/04\/PC126374b-300x225.jpg 300w\" sizes=\"(max-width: 550px) 100vw, 550px\" \/><\/a><\/p>\n<p style=\"text-align: justify;\">\n<p style=\"text-align: justify;\">Abaixo, a liga\u00e7\u00e3o de um dos falantes de graves, o inferior, que recebeu dois pares de cabos para permitir maior flexibilidade. Por sorte, o componente j\u00e1 oferecia dois pares de conectores.<br \/>\nTodos os conectores foram um pouco mais &#8220;fechados&#8221; para aumentar ainda mais a press\u00e3o de contato. Todos os terminais dos alto-falantes foram polidos para perfeito contato.<br \/>\nO c\u00f3digo dos alto-falantes finais mostrados aqui n\u00e3o est\u00e3o identific\u00e1veis, pois tratam-se de modelos de produ\u00e7\u00e3o exclusiva, e devo respeitar isso.<br \/>\n<a href=\"http:\/\/hifiplanet.com.br\/blog\/wp-content\/uploads\/2011\/04\/PC126375b.jpg\"><img decoding=\"async\" loading=\"lazy\" class=\"alignnone size-full wp-image-1726\" title=\"PC126375b\" src=\"http:\/\/hifiplanet.com.br\/blog\/wp-content\/uploads\/2011\/04\/PC126375b.jpg\" alt=\"\" width=\"550\" height=\"413\" srcset=\"https:\/\/www.hifiplanet.com.br\/blog\/wp-content\/uploads\/2011\/04\/PC126375b.jpg 550w, https:\/\/www.hifiplanet.com.br\/blog\/wp-content\/uploads\/2011\/04\/PC126375b-300x225.jpg 300w\" sizes=\"(max-width: 550px) 100vw, 550px\" \/><\/a><\/p>\n<p style=\"text-align: justify;\">\n<p style=\"text-align: justify;\">Detalhe do <em>tweeter<\/em>:<br \/>\n<a href=\"http:\/\/hifiplanet.com.br\/blog\/wp-content\/uploads\/2011\/04\/PC126381b.jpg\"><img decoding=\"async\" loading=\"lazy\" class=\"alignnone size-full wp-image-1727\" title=\"PC126381b\" src=\"http:\/\/hifiplanet.com.br\/blog\/wp-content\/uploads\/2011\/04\/PC126381b.jpg\" alt=\"\" width=\"550\" height=\"413\" srcset=\"https:\/\/www.hifiplanet.com.br\/blog\/wp-content\/uploads\/2011\/04\/PC126381b.jpg 550w, https:\/\/www.hifiplanet.com.br\/blog\/wp-content\/uploads\/2011\/04\/PC126381b-300x225.jpg 300w\" sizes=\"(max-width: 550px) 100vw, 550px\" \/><\/a><\/p>\n<p style=\"text-align: justify;\">\n<p style=\"text-align: justify;\">As caixas eram protegidas durante a montagem para evitar danos \u00e0 pintura ou aos seus componentes:<br \/>\n<a href=\"http:\/\/hifiplanet.com.br\/blog\/wp-content\/uploads\/2011\/04\/PC126377b.jpg\"><img decoding=\"async\" loading=\"lazy\" class=\"alignnone size-full wp-image-1728\" title=\"PC126377b\" src=\"http:\/\/hifiplanet.com.br\/blog\/wp-content\/uploads\/2011\/04\/PC126377b.jpg\" alt=\"\" width=\"550\" height=\"413\" srcset=\"https:\/\/www.hifiplanet.com.br\/blog\/wp-content\/uploads\/2011\/04\/PC126377b.jpg 550w, https:\/\/www.hifiplanet.com.br\/blog\/wp-content\/uploads\/2011\/04\/PC126377b-300x225.jpg 300w\" sizes=\"(max-width: 550px) 100vw, 550px\" \/><\/a><\/p>\n<p style=\"text-align: justify;\">\n<p style=\"text-align: justify;\">Montagem dos falantes conclu\u00edda:<br \/>\n<a href=\"http:\/\/hifiplanet.com.br\/blog\/wp-content\/uploads\/2011\/04\/PC126394b.jpg\"><img decoding=\"async\" loading=\"lazy\" class=\"alignnone size-full wp-image-1729\" title=\"PC126394b\" src=\"http:\/\/hifiplanet.com.br\/blog\/wp-content\/uploads\/2011\/04\/PC126394b.jpg\" alt=\"\" width=\"550\" height=\"413\" srcset=\"https:\/\/www.hifiplanet.com.br\/blog\/wp-content\/uploads\/2011\/04\/PC126394b.jpg 550w, https:\/\/www.hifiplanet.com.br\/blog\/wp-content\/uploads\/2011\/04\/PC126394b-300x225.jpg 300w\" sizes=\"(max-width: 550px) 100vw, 550px\" \/><\/a><\/p>\n<p style=\"text-align: justify;\">\n<p style=\"text-align: justify;\">Depois de uma tentativa de organizar um pouco a &#8220;bagun\u00e7a&#8221; na sala e limpar as caixas, foi realizada a montagem das liga\u00e7\u00f5es traseiras:<br \/>\n<a href=\"http:\/\/hifiplanet.com.br\/blog\/wp-content\/uploads\/2011\/04\/PC026304b.jpg\"><img decoding=\"async\" loading=\"lazy\" class=\"alignnone size-full wp-image-1730\" title=\"PC026304b\" src=\"http:\/\/hifiplanet.com.br\/blog\/wp-content\/uploads\/2011\/04\/PC026304b.jpg\" alt=\"\" width=\"550\" height=\"413\" srcset=\"https:\/\/www.hifiplanet.com.br\/blog\/wp-content\/uploads\/2011\/04\/PC026304b.jpg 550w, https:\/\/www.hifiplanet.com.br\/blog\/wp-content\/uploads\/2011\/04\/PC026304b-300x225.jpg 300w\" sizes=\"(max-width: 550px) 100vw, 550px\" \/><\/a><\/p>\n<p style=\"text-align: justify;\">\n<p style=\"text-align: justify;\">Tanto a caixinha de liga\u00e7\u00f5es superior como a da caixa de graves inferior foram fabricadas com fibra de vidro e pintadas externamente de preto:<br \/>\n<a href=\"http:\/\/hifiplanet.com.br\/blog\/wp-content\/uploads\/2011\/04\/PB206273b.jpg\"><img decoding=\"async\" loading=\"lazy\" class=\"alignnone size-full wp-image-1731\" title=\"PB206273b\" src=\"http:\/\/hifiplanet.com.br\/blog\/wp-content\/uploads\/2011\/04\/PB206273b.jpg\" alt=\"\" width=\"550\" height=\"408\" srcset=\"https:\/\/www.hifiplanet.com.br\/blog\/wp-content\/uploads\/2011\/04\/PB206273b.jpg 550w, https:\/\/www.hifiplanet.com.br\/blog\/wp-content\/uploads\/2011\/04\/PB206273b-300x222.jpg 300w\" sizes=\"(max-width: 550px) 100vw, 550px\" \/><\/a><\/p>\n<p style=\"text-align: justify;\">\n<p style=\"text-align: justify;\"><a href=\"http:\/\/hifiplanet.com.br\/blog\/wp-content\/uploads\/2011\/04\/PB286277b.jpg\"><img decoding=\"async\" loading=\"lazy\" class=\"alignnone size-full wp-image-1732\" title=\"PB286277b\" src=\"http:\/\/hifiplanet.com.br\/blog\/wp-content\/uploads\/2011\/04\/PB286277b.jpg\" alt=\"\" width=\"550\" height=\"413\" srcset=\"https:\/\/www.hifiplanet.com.br\/blog\/wp-content\/uploads\/2011\/04\/PB286277b.jpg 550w, https:\/\/www.hifiplanet.com.br\/blog\/wp-content\/uploads\/2011\/04\/PB286277b-300x225.jpg 300w\" sizes=\"(max-width: 550px) 100vw, 550px\" \/><\/a><\/p>\n<p style=\"text-align: justify;\">\n<p style=\"text-align: justify;\">Conclus\u00e3o da montagem traseira:<br \/>\n<a href=\"http:\/\/hifiplanet.com.br\/blog\/wp-content\/uploads\/2011\/04\/P2126717b.jpg\"><img decoding=\"async\" loading=\"lazy\" class=\"alignnone size-full wp-image-1733\" title=\"P2126717b\" src=\"http:\/\/hifiplanet.com.br\/blog\/wp-content\/uploads\/2011\/04\/P2126717b.jpg\" alt=\"\" width=\"550\" height=\"413\" srcset=\"https:\/\/www.hifiplanet.com.br\/blog\/wp-content\/uploads\/2011\/04\/P2126717b.jpg 550w, https:\/\/www.hifiplanet.com.br\/blog\/wp-content\/uploads\/2011\/04\/P2126717b-300x225.jpg 300w\" sizes=\"(max-width: 550px) 100vw, 550px\" \/><\/a><\/p>\n<p style=\"text-align: justify;\">\n<p style=\"text-align: justify;\"><a href=\"http:\/\/hifiplanet.com.br\/blog\/wp-content\/uploads\/2011\/02\/acaixa4.jpg\"><img decoding=\"async\" loading=\"lazy\" class=\"alignnone size-full wp-image-1513\" title=\"acaixa4\" src=\"http:\/\/hifiplanet.com.br\/blog\/wp-content\/uploads\/2011\/02\/acaixa4.jpg\" alt=\"\" width=\"350\" height=\"500\" srcset=\"https:\/\/www.hifiplanet.com.br\/blog\/wp-content\/uploads\/2011\/02\/acaixa4.jpg 350w, https:\/\/www.hifiplanet.com.br\/blog\/wp-content\/uploads\/2011\/02\/acaixa4-210x300.jpg 210w\" sizes=\"(max-width: 350px) 100vw, 350px\" \/><\/a><\/p>\n<p style=\"text-align: justify;\">Detalhe do acabamento frontal para prote\u00e7\u00e3o do falante m\u00e9dio e<em> tweeter<\/em>:<\/p>\n<p style=\"text-align: justify;\"><a href=\"http:\/\/hifiplanet.com.br\/blog\/wp-content\/uploads\/2011\/02\/acaixa2.jpg\"><img decoding=\"async\" loading=\"lazy\" class=\"alignnone size-full wp-image-1514\" title=\"acaixa2\" src=\"http:\/\/hifiplanet.com.br\/blog\/wp-content\/uploads\/2011\/02\/acaixa2.jpg\" alt=\"\" width=\"409\" height=\"400\" srcset=\"https:\/\/www.hifiplanet.com.br\/blog\/wp-content\/uploads\/2011\/02\/acaixa2.jpg 409w, https:\/\/www.hifiplanet.com.br\/blog\/wp-content\/uploads\/2011\/02\/acaixa2-300x293.jpg 300w\" sizes=\"(max-width: 409px) 100vw, 409px\" \/><\/a><\/p>\n<p style=\"text-align: justify;\">\n<p style=\"text-align: justify;\">Com as telas frontais instaladas:<br \/>\n<a href=\"http:\/\/hifiplanet.com.br\/blog\/wp-content\/uploads\/2011\/04\/PC256397b.jpg\"><img decoding=\"async\" loading=\"lazy\" class=\"alignnone size-full wp-image-1735\" title=\"PC256397b\" src=\"http:\/\/hifiplanet.com.br\/blog\/wp-content\/uploads\/2011\/04\/PC256397b.jpg\" alt=\"\" width=\"550\" height=\"413\" srcset=\"https:\/\/www.hifiplanet.com.br\/blog\/wp-content\/uploads\/2011\/04\/PC256397b.jpg 550w, https:\/\/www.hifiplanet.com.br\/blog\/wp-content\/uploads\/2011\/04\/PC256397b-300x225.jpg 300w\" sizes=\"(max-width: 550px) 100vw, 550px\" \/><\/a><\/p>\n<p style=\"text-align: justify;\">\n<p style=\"text-align: justify;\">Capa da caixa superior de m\u00e9dios\/agudos fabricada em couro e tecido ortof\u00f4nico permite prote\u00e7\u00e3o ao p\u00f3, e uma utiliza\u00e7\u00e3o mais descontra\u00edda da caixa (sua retirada \u00e9 essencial para obter o melhor rendimento):<br \/>\n<a href=\"http:\/\/hifiplanet.com.br\/blog\/wp-content\/uploads\/2011\/04\/P2266772bjpg.jpg\"><img decoding=\"async\" loading=\"lazy\" class=\"alignnone size-full wp-image-1736\" title=\"P2266772bjpg\" src=\"http:\/\/hifiplanet.com.br\/blog\/wp-content\/uploads\/2011\/04\/P2266772bjpg.jpg\" alt=\"\" width=\"550\" height=\"733\" srcset=\"https:\/\/www.hifiplanet.com.br\/blog\/wp-content\/uploads\/2011\/04\/P2266772bjpg.jpg 550w, https:\/\/www.hifiplanet.com.br\/blog\/wp-content\/uploads\/2011\/04\/P2266772bjpg-225x300.jpg 225w\" sizes=\"(max-width: 550px) 100vw, 550px\" \/><\/a><\/p>\n<p style=\"text-align: justify;\">\n<p style=\"text-align: justify;\">Na pen\u00faltima foto acima, a caixa ainda est\u00e1 apoiada numa placa de madeira com 4 rod\u00edzios para facilitar a sua movimenta\u00e7\u00e3o durante os procedimentos de montagem.<br \/>\nPosteriormente, antes de utiliza\u00e7\u00e3o dos <em>spikes<\/em>, adotei um outro sistema de rod\u00edzios montados diretamente na base das caixas para, durante os testes de funcionamento, facilitar seu posicionamento e \u00e2ngulo de direcionamento na sala, que podem ser vistos na foto acima.<br \/>\nA caixa ficou t\u00e3o pesada que os rod\u00edzios novos, bem robustos e com um sistema de trava bastante eficiente, a mant\u00eam totalmente imobilizada. Essa op\u00e7\u00e3o mostrou-se muito interessante. Em compara\u00e7\u00e3o com os <em>spikes<\/em>, n\u00e3o houve qualquer diferen\u00e7a. As caixas permanecem funcionando sem qualquer vibra\u00e7\u00e3o, mesmo reproduzindo graves pesados em altos volumes.<br \/>\nAlguns projetistas j\u00e1 tinham me sugerido a utiliza\u00e7\u00e3o de p\u00e9s de borracha dura, e um deles havia recomendado a utiliza\u00e7\u00e3o de um rod\u00edzio com roda met\u00e1lica ou de borracha dura.<br \/>\nGostei muito da solu\u00e7\u00e3o, e continuo ainda utilizando as caixas com estes rod\u00edzios.<\/p>\n<p style=\"text-align: justify;\"><a href=\"http:\/\/hifiplanet.com.br\/blog\/wp-content\/uploads\/2011\/04\/P2136737b.jpg\"><img decoding=\"async\" loading=\"lazy\" class=\"alignnone size-full wp-image-1737\" title=\"P2136737b\" src=\"http:\/\/hifiplanet.com.br\/blog\/wp-content\/uploads\/2011\/04\/P2136737b.jpg\" alt=\"\" width=\"550\" height=\"413\" srcset=\"https:\/\/www.hifiplanet.com.br\/blog\/wp-content\/uploads\/2011\/04\/P2136737b.jpg 550w, https:\/\/www.hifiplanet.com.br\/blog\/wp-content\/uploads\/2011\/04\/P2136737b-300x225.jpg 300w\" sizes=\"(max-width: 550px) 100vw, 550px\" \/><\/a><\/p>\n<p style=\"text-align: justify;\">\n<p style=\"text-align: justify;\">\n","protected":false},"excerpt":{"rendered":"<div class=\"mh-excerpt\"><p>Montagem dos alto-falantes e dos bornes de liga\u00e7\u00e3o.<\/p>\n<\/div>","protected":false},"author":1,"featured_media":1732,"comment_status":"open","ping_status":"closed","sticky":false,"template":"","format":"standard","meta":[],"categories":[16],"tags":[],"_links":{"self":[{"href":"https:\/\/www.hifiplanet.com.br\/blog\/wp-json\/wp\/v2\/posts\/1720"}],"collection":[{"href":"https:\/\/www.hifiplanet.com.br\/blog\/wp-json\/wp\/v2\/posts"}],"about":[{"href":"https:\/\/www.hifiplanet.com.br\/blog\/wp-json\/wp\/v2\/types\/post"}],"author":[{"embeddable":true,"href":"https:\/\/www.hifiplanet.com.br\/blog\/wp-json\/wp\/v2\/users\/1"}],"replies":[{"embeddable":true,"href":"https:\/\/www.hifiplanet.com.br\/blog\/wp-json\/wp\/v2\/comments?post=1720"}],"version-history":[{"count":3,"href":"https:\/\/www.hifiplanet.com.br\/blog\/wp-json\/wp\/v2\/posts\/1720\/revisions"}],"predecessor-version":[{"id":2363,"href":"https:\/\/www.hifiplanet.com.br\/blog\/wp-json\/wp\/v2\/posts\/1720\/revisions\/2363"}],"wp:featuredmedia":[{"embeddable":true,"href":"https:\/\/www.hifiplanet.com.br\/blog\/wp-json\/wp\/v2\/media\/1732"}],"wp:attachment":[{"href":"https:\/\/www.hifiplanet.com.br\/blog\/wp-json\/wp\/v2\/media?parent=1720"}],"wp:term":[{"taxonomy":"category","embeddable":true,"href":"https:\/\/www.hifiplanet.com.br\/blog\/wp-json\/wp\/v2\/categories?post=1720"},{"taxonomy":"post_tag","embeddable":true,"href":"https:\/\/www.hifiplanet.com.br\/blog\/wp-json\/wp\/v2\/tags?post=1720"}],"curies":[{"name":"wp","href":"https:\/\/api.w.org\/{rel}","templated":true}]}}