{"id":1697,"date":"2011-04-20T13:19:46","date_gmt":"2011-04-20T16:19:46","guid":{"rendered":"http:\/\/hifiplanet.com.br\/blog\/?p=1697"},"modified":"2021-06-09T17:40:58","modified_gmt":"2021-06-09T20:40:58","slug":"projeto-%e2%80%9ca-caixa%e2%80%9d-%e2%80%93-parte-vii-%e2%80%93-o-divisor-de-frequencias","status":"publish","type":"post","link":"https:\/\/www.hifiplanet.com.br\/blog\/projeto-%e2%80%9ca-caixa%e2%80%9d-%e2%80%93-parte-vii-%e2%80%93-o-divisor-de-frequencias\/","title":{"rendered":"Projeto \u201cA Caixa\u201d \u2013 Parte VII \u2013 O Divisor de Frequ\u00eancias"},"content":{"rendered":"<p style=\"text-align: justify;\">A montagem de um dos componentes mais importantes da caixa detalhado aqui em textos e fotos.<\/p>\n<p style=\"text-align: justify;\"><!--more-->O divisor de frequ\u00eancias \u00e9 um elemento muito importante de uma caixa. Existe um cuidado muito grande no desenvolvimento de seu projeto e na qualidade dos componentes empregados.<br \/>\nO projeto inicial foi feito por uma empresa especializada nos EUA, que tamb\u00e9m fabrica artesanalmente as unidades. Optei por esse caminho em fun\u00e7\u00e3o das excelentes refer\u00eancias deste fornecedor, que atende in\u00fameros fabricantes de caixas ac\u00fasticas.<br \/>\nDepois de conclu\u00eddo o projeto, ele foi enviado para alguns projetistas que fizeram algumas sugest\u00f5es e recomendaram alguns componentes. Mesmo depois de fabricado e j\u00e1 em minhas m\u00e3os, eles ainda receberam alguns cuidados adicionais, como terminais banhados a ouro ou prata e uma camada de prata no circuito. Alguns componentes foram substitu\u00eddos posteriormente pelo surgimento de novas e aprimoradas op\u00e7\u00f5es no mercado, com qualidade mais aperfei\u00e7oada para utiliza\u00e7\u00e3o em \u00e1udio de alta-fidelidade, como capacitores espec\u00edficos e melhores indutores de n\u00facleo de ar.<\/p>\n<p style=\"text-align: justify;\">O divisor foi montado no topo da caixa, num compartimento espec\u00edfico e fora dos espa\u00e7os dos alto-falantes. Esse \u00e9 um detalhe muito importante. N\u00e3o se deve montar o divisor dentro do compartimento dos falantes, como faz a maioria dos fabricantes. A primeira id\u00e9ia era construir essa unidade como um m\u00f3dulo externo, mas as liga\u00e7\u00f5es para cada falante seriam muito longas e desnecess\u00e1rias. Assim, aproveitando o desenho da caixa, surgiu essa possibilidade, que foi logo aproveitada.<\/p>\n<p style=\"text-align: justify;\">As placas do divisor s\u00e3o independentes, uma para os m\u00e9dios\/agudos e outra para os graves, outro detalhe importante. Elas foram montadas sob an\u00e9is de borracha, para maior amortecimento das vibra\u00e7\u00f5es, e num espa\u00e7o com blindagem contra RF (r\u00e1dio-frequ\u00eancia). Esta sugest\u00e3o me foi por diversas vezes refor\u00e7ada, pois os projetistas insistiram que os componentes de um divisor de frequ\u00eancia s\u00e3o bastante suscet\u00edveis aos efeitos danosos de RF.<\/p>\n<p style=\"text-align: justify;\">Aqui, mais uma vez, destaca-se a flexibilidade do divisor de frequ\u00eancias. Al\u00e9m de permitir f\u00e1cil acesso para ajuste de qualquer componente, suas liga\u00e7\u00f5es s\u00e3o bastante vers\u00e1teis, permitindo, entre outras possibilidades, a f\u00e1cil combina\u00e7\u00e3o de liga\u00e7\u00e3o dos falantes de graves, que podem ser utilizados individualmente ou em dupla, ligados em s\u00e9rie ou paralelo.<br \/>\nUma clara vantagem \u00e9 a utiliza\u00e7\u00e3o individual. Caso se queira reduzir a press\u00e3o dos graves, pode-se utilizar apenas um <em>woofer<\/em>, inferior ou superior, e para confirmar as vantagens disso, somente o fato de optar por um dos dois j\u00e1 afeta o resultado final. Al\u00e9m disso, perceba que ainda temos a possibilidade de ajustar este conjunto para funcionar com 4 ou 8 ohms.<br \/>\nAinda, h\u00e1 a op\u00e7\u00e3o de se utilizar, por exemplo, a unidade superior numa sala pequena e a inferior como <em>subwoofer<\/em> num sistema de <em>home cinema<\/em>. Por isso a exist\u00eancia daquela liga\u00e7\u00e3o individual traseira do <em>woofer<\/em> inferior que citamos no cap\u00edtulo anterior.<br \/>\nLembramos que ainda existe a possibilidade de, conjuntamente a esta op\u00e7\u00e3o, ajustar os volumes internos dos compartimentos dos <em>woofers<\/em>, como mostraremos oportunamente. J\u00e1 que utilizamos pain\u00e9is traseiros remov\u00edveis, \u00e9 f\u00e1cil criar volume interno nestes.<\/p>\n<p style=\"text-align: justify;\">As liga\u00e7\u00f5es dos m\u00e9dios e agudos tamb\u00e9m permitem diversos ajustes individuais, com o uso, por exemplo, de um L-pad ou a inclus\u00e3o de circuitos RLC. No meu caso, preferi utilizar os L-pads apenas para identificar os ajustes desejados, realizando as altera\u00e7\u00f5es diretamente nos divisores. Quem preferir pode facilmente adapt\u00e1-los definitivamente, permitindo ajustes cont\u00ednuos. Por\u00e9m, devem-se usar componentes de boa qualidade para isso.<\/p>\n<p style=\"text-align: justify;\">Todas as conex\u00f5es s\u00e3o banhadas a ouro, e os cabos em prata. A disposi\u00e7\u00e3o das fia\u00e7\u00f5es foram planejadas para evitar interfer\u00eancias entre si.<\/p>\n<p style=\"text-align: justify;\">As fotos a seguir tornar\u00e3o mais f\u00e1cil identificar os cuidados desta importante etapa.<\/p>\n<p style=\"text-align: justify;\">Para recordar, quando a caixa foi constru\u00edda, sua parte superior, acima do compartimento dos graves, recebeu um painel inclinado. Essa provid\u00eancia ajudaria na distribui\u00e7\u00e3o das ondas sonoras do falante de m\u00e9dios, que n\u00e3o sofreria com um \u00e2ngulo reto na base de seu m\u00f3dulo, provocando alguma turbul\u00eancia de ar neste ponto, como me ensinou um projetista. Ainda, este recurso levantaria um pouco mais a caixa de m\u00e9dios\/agudos numa altura mais adequada, permitiria o acesso f\u00e1cil \u00e0s porcas e arruelas de fixa\u00e7\u00e3o deste m\u00f3dulo, permitindo-lhes um bom torque de aperto atrav\u00e9s de ferramentas apropriadas.<br \/>\nE, o melhor de tudo, ganhar-se-ia um espa\u00e7o totalmente isolado e independente para instala\u00e7\u00e3o do divisor de frequ\u00eancias, que teria seu acesso bastante facilitado (inclusive para ajustes diversos) atrav\u00e9s de uma tampa de f\u00e1cil abertura.<\/p>\n<p style=\"text-align: justify;\">Vamos recordar como ficou este compartimento durante a constru\u00e7\u00e3o do gabinete:<br \/>\n<a href=\"http:\/\/hifiplanet.com.br\/blog\/wp-content\/uploads\/2011\/04\/P6155721b.jpg\"><img decoding=\"async\" loading=\"lazy\" class=\"alignnone size-full wp-image-1699\" title=\"P6155721b\" src=\"http:\/\/hifiplanet.com.br\/blog\/wp-content\/uploads\/2011\/04\/P6155721b.jpg\" alt=\"\" width=\"550\" height=\"412\" srcset=\"https:\/\/www.hifiplanet.com.br\/blog\/wp-content\/uploads\/2011\/04\/P6155721b.jpg 550w, https:\/\/www.hifiplanet.com.br\/blog\/wp-content\/uploads\/2011\/04\/P6155721b-300x224.jpg 300w\" sizes=\"(max-width: 550px) 100vw, 550px\" \/><\/a><\/p>\n<p style=\"text-align: justify;\"><a href=\"http:\/\/hifiplanet.com.br\/blog\/wp-content\/uploads\/2011\/04\/P6155717b.jpg\"><img decoding=\"async\" loading=\"lazy\" class=\"alignnone size-full wp-image-1624\" title=\"P6155717b\" src=\"http:\/\/hifiplanet.com.br\/blog\/wp-content\/uploads\/2011\/04\/P6155717b.jpg\" alt=\"\" width=\"550\" height=\"412\" srcset=\"https:\/\/www.hifiplanet.com.br\/blog\/wp-content\/uploads\/2011\/04\/P6155717b.jpg 550w, https:\/\/www.hifiplanet.com.br\/blog\/wp-content\/uploads\/2011\/04\/P6155717b-300x224.jpg 300w\" sizes=\"(max-width: 550px) 100vw, 550px\" \/><\/a><\/p>\n<p style=\"text-align: justify;\">O compartimento recebeu um suporte para fixa\u00e7\u00e3o da tampa superior, montado com cantoneiras, cola e refor\u00e7o da porca cravada de aperto, tudo para evitar qualquer vibra\u00e7\u00e3o (vimos anteriormente que essa pe\u00e7a ainda recebeu revestimento de manta de algod\u00e3o):<br \/>\n<a href=\"http:\/\/hifiplanet.com.br\/blog\/wp-content\/uploads\/2011\/04\/PA176038b.jpg\"><img decoding=\"async\" loading=\"lazy\" class=\"alignnone size-full wp-image-1700\" title=\"PA176038b\" src=\"http:\/\/hifiplanet.com.br\/blog\/wp-content\/uploads\/2011\/04\/PA176038b.jpg\" alt=\"\" width=\"550\" height=\"413\" srcset=\"https:\/\/www.hifiplanet.com.br\/blog\/wp-content\/uploads\/2011\/04\/PA176038b.jpg 550w, https:\/\/www.hifiplanet.com.br\/blog\/wp-content\/uploads\/2011\/04\/PA176038b-300x225.jpg 300w\" sizes=\"(max-width: 550px) 100vw, 550px\" \/><\/a><\/p>\n<p style=\"text-align: justify;\">O compartimento e a tampa (ainda n\u00e3o vista aqui) receberam forra\u00e7\u00e3o com folhas de alum\u00ednio, proporcionando uma blindagem ao compartimento contra interfer\u00eancias de RF:<br \/>\n<a href=\"http:\/\/hifiplanet.com.br\/blog\/wp-content\/uploads\/2011\/04\/PA306125b.jpg\"><img decoding=\"async\" loading=\"lazy\" class=\"alignnone size-full wp-image-1701\" title=\"PA306125b\" src=\"http:\/\/hifiplanet.com.br\/blog\/wp-content\/uploads\/2011\/04\/PA306125b.jpg\" alt=\"\" width=\"550\" height=\"413\" srcset=\"https:\/\/www.hifiplanet.com.br\/blog\/wp-content\/uploads\/2011\/04\/PA306125b.jpg 550w, https:\/\/www.hifiplanet.com.br\/blog\/wp-content\/uploads\/2011\/04\/PA306125b-300x225.jpg 300w\" sizes=\"(max-width: 550px) 100vw, 550px\" \/><\/a><\/p>\n<p style=\"text-align: justify;\">Detalhe dos terminais que foram banhados a ouro e instalados na placa, aqui preso por parafusos, e posteriormente soldados com solda com prata:<br \/>\n<a href=\"http:\/\/hifiplanet.com.br\/blog\/wp-content\/uploads\/2011\/04\/PA306155b.jpg\"><img decoding=\"async\" loading=\"lazy\" class=\"alignnone size-full wp-image-1702\" title=\"PA306155b\" src=\"http:\/\/hifiplanet.com.br\/blog\/wp-content\/uploads\/2011\/04\/PA306155b.jpg\" alt=\"\" width=\"550\" height=\"269\" srcset=\"https:\/\/www.hifiplanet.com.br\/blog\/wp-content\/uploads\/2011\/04\/PA306155b.jpg 550w, https:\/\/www.hifiplanet.com.br\/blog\/wp-content\/uploads\/2011\/04\/PA306155b-300x146.jpg 300w\" sizes=\"(max-width: 550px) 100vw, 550px\" \/><\/a><\/p>\n<p style=\"text-align: justify;\">Abaixo, detalhe da placa do divisor de m\u00e9dios\/agudos com os parafusos de fixa\u00e7\u00e3o com tr\u00eas an\u00e9is de borracha cada, para amortecimento de eventuais vibra\u00e7\u00f5es:<br \/>\n<a href=\"http:\/\/hifiplanet.com.br\/blog\/wp-content\/uploads\/2011\/04\/PA306142b.jpg\"><img decoding=\"async\" loading=\"lazy\" class=\"alignnone size-full wp-image-1703\" title=\"PA306142b\" src=\"http:\/\/hifiplanet.com.br\/blog\/wp-content\/uploads\/2011\/04\/PA306142b.jpg\" alt=\"\" width=\"550\" height=\"413\" srcset=\"https:\/\/www.hifiplanet.com.br\/blog\/wp-content\/uploads\/2011\/04\/PA306142b.jpg 550w, https:\/\/www.hifiplanet.com.br\/blog\/wp-content\/uploads\/2011\/04\/PA306142b-300x225.jpg 300w\" sizes=\"(max-width: 550px) 100vw, 550px\" \/><\/a><\/p>\n<p style=\"text-align: justify;\">Disposi\u00e7\u00e3o das placas no interior do compartimento. \u00c0 esquerda a de graves, e \u00e0 direita a de m\u00e9dios e agudos.<br \/>\nInteressante mencionar que o conceito de desenvolvimento desta etapa foi o de tricablagem ou triamplifica\u00e7\u00e3o:<br \/>\n<a href=\"http:\/\/hifiplanet.com.br\/blog\/wp-content\/uploads\/2011\/04\/PA316169b.jpg\"><img decoding=\"async\" loading=\"lazy\" class=\"alignnone size-full wp-image-1704\" title=\"PA316169b\" src=\"http:\/\/hifiplanet.com.br\/blog\/wp-content\/uploads\/2011\/04\/PA316169b.jpg\" alt=\"\" width=\"550\" height=\"413\" srcset=\"https:\/\/www.hifiplanet.com.br\/blog\/wp-content\/uploads\/2011\/04\/PA316169b.jpg 550w, https:\/\/www.hifiplanet.com.br\/blog\/wp-content\/uploads\/2011\/04\/PA316169b-300x225.jpg 300w\" sizes=\"(max-width: 550px) 100vw, 550px\" \/><\/a><\/p>\n<p style=\"text-align: justify;\">Todas as conex\u00f5es e componentes foram soldados com solda WBT com prata:<br \/>\n<a href=\"http:\/\/hifiplanet.com.br\/blog\/wp-content\/uploads\/2011\/04\/PB086239b.jpg\"><img decoding=\"async\" loading=\"lazy\" class=\"alignnone size-full wp-image-1705\" title=\"PB086239b\" src=\"http:\/\/hifiplanet.com.br\/blog\/wp-content\/uploads\/2011\/04\/PB086239b.jpg\" alt=\"\" width=\"550\" height=\"368\" srcset=\"https:\/\/www.hifiplanet.com.br\/blog\/wp-content\/uploads\/2011\/04\/PB086239b.jpg 550w, https:\/\/www.hifiplanet.com.br\/blog\/wp-content\/uploads\/2011\/04\/PB086239b-300x200.jpg 300w\" sizes=\"(max-width: 550px) 100vw, 550px\" \/><\/a><\/p>\n<p style=\"text-align: justify;\">Todos os terminais tamb\u00e9m foram importados, e s\u00e3o banhados a ouro:<br \/>\n<a href=\"http:\/\/hifiplanet.com.br\/blog\/wp-content\/uploads\/2011\/04\/DSC00095b.jpg\"><img decoding=\"async\" loading=\"lazy\" class=\"alignnone size-full wp-image-1706\" title=\"DSC00095b\" src=\"http:\/\/hifiplanet.com.br\/blog\/wp-content\/uploads\/2011\/04\/DSC00095b.jpg\" alt=\"\" width=\"550\" height=\"408\" srcset=\"https:\/\/www.hifiplanet.com.br\/blog\/wp-content\/uploads\/2011\/04\/DSC00095b.jpg 550w, https:\/\/www.hifiplanet.com.br\/blog\/wp-content\/uploads\/2011\/04\/DSC00095b-300x222.jpg 300w\" sizes=\"(max-width: 550px) 100vw, 550px\" \/><\/a><\/p>\n<p style=\"text-align: justify;\">Para obter a facilidade de ajustes diversos na caixa (veremos isso oportunamente), foram fabricadas placas em PRFV (fibra de vidro) com refor\u00e7o, para acomoda\u00e7\u00e3o dos bornes com liga\u00e7\u00f5es provenientes dos falantes e dos divisores de frequ\u00eancia:<br \/>\n<a href=\"http:\/\/hifiplanet.com.br\/blog\/wp-content\/uploads\/2011\/04\/PC036307b.jpg\"><img decoding=\"async\" loading=\"lazy\" class=\"alignnone size-full wp-image-1707\" title=\"PC036307b\" src=\"http:\/\/hifiplanet.com.br\/blog\/wp-content\/uploads\/2011\/04\/PC036307b.jpg\" alt=\"\" width=\"550\" height=\"408\" srcset=\"https:\/\/www.hifiplanet.com.br\/blog\/wp-content\/uploads\/2011\/04\/PC036307b.jpg 550w, https:\/\/www.hifiplanet.com.br\/blog\/wp-content\/uploads\/2011\/04\/PC036307b-300x222.jpg 300w\" sizes=\"(max-width: 550px) 100vw, 550px\" \/><\/a><\/p>\n<p style=\"text-align: justify;\">Processo de soldagem dos bornes. \u00c0 direita podemos ver os dois suportes dos L-pads que foram usados para os ajustes finais e posteriormente retirados. No suporte central da tampa e na lateral oposta da caixa j\u00e1 vemos os suportes fabricados em alum\u00ednio, onde ser\u00e1 fixada a placa de bornes:<br \/>\n<a href=\"http:\/\/hifiplanet.com.br\/blog\/wp-content\/uploads\/2011\/04\/PC046309b.jpg\"><img decoding=\"async\" loading=\"lazy\" class=\"alignnone size-full wp-image-1708\" title=\"PC046309b\" src=\"http:\/\/hifiplanet.com.br\/blog\/wp-content\/uploads\/2011\/04\/PC046309b.jpg\" alt=\"\" width=\"550\" height=\"413\" srcset=\"https:\/\/www.hifiplanet.com.br\/blog\/wp-content\/uploads\/2011\/04\/PC046309b.jpg 550w, https:\/\/www.hifiplanet.com.br\/blog\/wp-content\/uploads\/2011\/04\/PC046309b-300x225.jpg 300w\" sizes=\"(max-width: 550px) 100vw, 550px\" \/><\/a><\/p>\n<p style=\"text-align: justify;\">Abaixo a placa j\u00e1 montada das liga\u00e7\u00f5es dos falantes de graves (com espa\u00e7adores de cobre), que permitir\u00e1 ampla flexibilidade de sele\u00e7\u00f5es de uso:<br \/>\n<a href=\"http:\/\/hifiplanet.com.br\/blog\/wp-content\/uploads\/2011\/04\/PC046329b.jpg\"><img decoding=\"async\" loading=\"lazy\" class=\"alignnone size-full wp-image-1709\" title=\"PC046329b\" src=\"http:\/\/hifiplanet.com.br\/blog\/wp-content\/uploads\/2011\/04\/PC046329b.jpg\" alt=\"\" width=\"550\" height=\"413\" srcset=\"https:\/\/www.hifiplanet.com.br\/blog\/wp-content\/uploads\/2011\/04\/PC046329b.jpg 550w, https:\/\/www.hifiplanet.com.br\/blog\/wp-content\/uploads\/2011\/04\/PC046329b-300x225.jpg 300w\" sizes=\"(max-width: 550px) 100vw, 550px\" \/><\/a><\/p>\n<p style=\"text-align: justify;\">Placa de conex\u00e3o dos m\u00e9dios\/agudos instalada no local definitivo (ainda com somente dois parafusos):<br \/>\n<a href=\"http:\/\/hifiplanet.com.br\/blog\/wp-content\/uploads\/2011\/04\/PC046328b.jpg\"><img decoding=\"async\" loading=\"lazy\" class=\"alignnone size-full wp-image-1710\" title=\"PC046328b\" src=\"http:\/\/hifiplanet.com.br\/blog\/wp-content\/uploads\/2011\/04\/PC046328b.jpg\" alt=\"\" width=\"550\" height=\"413\" srcset=\"https:\/\/www.hifiplanet.com.br\/blog\/wp-content\/uploads\/2011\/04\/PC046328b.jpg 550w, https:\/\/www.hifiplanet.com.br\/blog\/wp-content\/uploads\/2011\/04\/PC046328b-300x225.jpg 300w\" sizes=\"(max-width: 550px) 100vw, 550px\" \/><\/a><\/p>\n<p style=\"text-align: justify;\">Liga\u00e7\u00f5es conclu\u00eddas com todas as pe\u00e7as j\u00e1 definitivamente fixadas.<\/p>\n<p style=\"text-align: justify;\"><a href=\"http:\/\/hifiplanet.com.br\/blog\/wp-content\/uploads\/2011\/04\/PC056339b1.jpg\"><img decoding=\"async\" loading=\"lazy\" class=\"alignnone size-full wp-image-1714\" title=\"PC056339b\" src=\"http:\/\/hifiplanet.com.br\/blog\/wp-content\/uploads\/2011\/04\/PC056339b1.jpg\" alt=\"\" width=\"550\" height=\"413\" srcset=\"https:\/\/www.hifiplanet.com.br\/blog\/wp-content\/uploads\/2011\/04\/PC056339b1.jpg 550w, https:\/\/www.hifiplanet.com.br\/blog\/wp-content\/uploads\/2011\/04\/PC056339b1-300x225.jpg 300w\" sizes=\"(max-width: 550px) 100vw, 550px\" \/><\/a><\/p>\n<p style=\"text-align: justify;\">Abaixo, bornes utilizados nas montagens, banhados a ouro. O terminal de soldagem foi recortado um a um, para melhorar a penetra\u00e7\u00e3o e o espalhamento da solda. Cuidado com as op\u00e7\u00f5es chinesas de baixa qualidade construtiva, pouco resistentes e com banho de ouro (?) de baix\u00edssima qualidade.<br \/>\n<a href=\"http:\/\/hifiplanet.com.br\/blog\/wp-content\/uploads\/2011\/04\/DSC00085b.jpg\"><img decoding=\"async\" loading=\"lazy\" class=\"alignnone size-full wp-image-1717\" title=\"DSC00085b\" src=\"http:\/\/hifiplanet.com.br\/blog\/wp-content\/uploads\/2011\/04\/DSC00085b.jpg\" alt=\"\" width=\"550\" height=\"413\" srcset=\"https:\/\/www.hifiplanet.com.br\/blog\/wp-content\/uploads\/2011\/04\/DSC00085b.jpg 550w, https:\/\/www.hifiplanet.com.br\/blog\/wp-content\/uploads\/2011\/04\/DSC00085b-300x225.jpg 300w\" sizes=\"(max-width: 550px) 100vw, 550px\" \/><\/a><\/p>\n<p style=\"text-align: justify;\">Com a tampa j\u00e1 montada e tamb\u00e9m revestida com a folha de alum\u00ednio:<br \/>\n<a href=\"http:\/\/hifiplanet.com.br\/blog\/wp-content\/uploads\/2011\/04\/PC056344b.jpg\"><img decoding=\"async\" loading=\"lazy\" class=\"alignnone size-full wp-image-1715\" title=\"PC056344b\" src=\"http:\/\/hifiplanet.com.br\/blog\/wp-content\/uploads\/2011\/04\/PC056344b.jpg\" alt=\"\" width=\"550\" height=\"413\" srcset=\"https:\/\/www.hifiplanet.com.br\/blog\/wp-content\/uploads\/2011\/04\/PC056344b.jpg 550w, https:\/\/www.hifiplanet.com.br\/blog\/wp-content\/uploads\/2011\/04\/PC056344b-300x225.jpg 300w\" sizes=\"(max-width: 550px) 100vw, 550px\" \/><\/a><\/p>\n<p style=\"text-align: justify;\">As bordas receberam folhas de borracha para fixa\u00e7\u00e3o da tampa por press\u00e3o, evitando qualquer vibra\u00e7\u00e3o desta pe\u00e7a.<br \/>\n<a href=\"http:\/\/hifiplanet.com.br\/blog\/wp-content\/uploads\/2011\/04\/PC056347b.jpg\"><img decoding=\"async\" loading=\"lazy\" class=\"alignnone size-full wp-image-1716\" title=\"PC056347b\" src=\"http:\/\/hifiplanet.com.br\/blog\/wp-content\/uploads\/2011\/04\/PC056347b.jpg\" alt=\"\" width=\"550\" height=\"413\" srcset=\"https:\/\/www.hifiplanet.com.br\/blog\/wp-content\/uploads\/2011\/04\/PC056347b.jpg 550w, https:\/\/www.hifiplanet.com.br\/blog\/wp-content\/uploads\/2011\/04\/PC056347b-300x225.jpg 300w\" sizes=\"(max-width: 550px) 100vw, 550px\" \/><\/a><\/p>\n<p style=\"text-align: justify;\">Observe que, da forma que foi constru\u00eddo o conjunto dos divisores de frequ\u00eancias, torna-se poss\u00edvel ajustar v\u00e1rias caracter\u00edsticas funcionais, seja afinando as faixas e n\u00edveis de atua\u00e7\u00e3o, at\u00e9 mesmo selecionando atrav\u00e9s de conex\u00f5es como funcionar\u00e3o os falantes, principalmente os de graves. \u00c9 poss\u00edvel, por exemplo, alterar fases, ligar os <em>woofers<\/em> em paralelo, em s\u00e9rie, individualmente e escolhendo aquele mais pr\u00f3ximo ao piso ou o mais alto, separando-os para finalidades espec\u00edficas e outras tantas possibilidades.\u00a0 Veja que mesmo car\u00edssimas caixas &#8220;hi-end&#8221; do mercado n\u00e3o proporcionam tamanha flexibilidade, sendo o que s\u00e3o, e que agradem a quem agradar.<br \/>\nAlgu\u00e9m poderia dizer que elas s\u00e3o perfeitas, e todo o restante que deveria se adaptar \u00e0 elas. Isso \u00e9 uma fantasia, pois n\u00e3o existe o &#8220;perfeito&#8221;. Se assim o fosse, existiria apenas um \u00fanico modelo de caixa para todos os fabricantes, cada qual &#8220;enfeitando-a&#8221; e personalizando-a ao seu modo.<br \/>\nMas, cansamos de ver nos <em>reviews<\/em> especializados que &#8220;tal caixa tem graves mais precisos&#8221;, &#8220;que a caixa testada tem melhor din\u00e2mica&#8221;, ou que &#8220;tem m\u00e9dios muito naturais&#8221;, etc. Ser\u00e1 que cada fabricante conhece um pouquinho, e ningu\u00e9m sabe fazer a &#8220;caixa ideal&#8221;? Ser\u00e1 que o mercado n\u00e3o aprendeu a copiar as qualidades dos concorrentes (c\u00e1 entre n\u00f3s este \u00e9 o mundo real que vivemos)?<br \/>\nVamos enxergar o que verdadeiramente acontece. N\u00e3o existe uma caixa perfeita. Existem caixas muito boas, e cada qual projetada com uma id\u00e9ia de utiliza\u00e7\u00e3o diferente, pois \u00e9 imposs\u00edvel imaginar como e onde ser\u00e1 ligada a caixa.<br \/>\nQuantas vezes n\u00e3o lemos algum &#8220;reviewer&#8221; dizer que, depois de trocar um cabo, tiveram que ouvir novamente toda a sua cole\u00e7\u00e3o de discos tal o grau de mudan\u00e7a. Bem, exageros e interesses diversos \u00e0 parte, \u00e9 \u00f3bvio que tudo interage com tudo. Ac\u00fastica do ambiente, instala\u00e7\u00e3o el\u00e9trica, equipamentos, cabos, vibra\u00e7\u00f5es, etc.,\u00a0 cada qual interfere ao seu modo. At\u00e9 os nossos sistemas auditivos interpretam os sons de forma muito peculiar de indiv\u00edduo para indiv\u00edduo. Por isso, devemos tomar cuidado quando lemos um r<em>eview<\/em> dizendo que tal cabo \u00e9 classifica\u00e7\u00e3o &#8220;criptonita refer\u00eancia&#8221;. Se ele funcionou bem para a instala\u00e7\u00e3o do avaliador, n\u00e3o significa que \u00e9 o melhor. Esse \u00e9 um grande erro que cometem os avaliadores hoje. N\u00e3o \u00e9 mais aceit\u00e1vel que se classifique componentes de forma t\u00e3o precisa e contundente.<br \/>\nO integrado DarTZeel CTH-8550 foi classificado pela revista Stereophile como &#8220;Classe A&#8221;, a mais alta classifica\u00e7\u00e3o permitida. Por\u00e9m, testes de laborat\u00f3rio da pr\u00f3pria revista mostraram in\u00fameras limita\u00e7\u00f5es do equipamento, como alta distor\u00e7\u00e3o e separa\u00e7\u00e3o entre canais deficiente, entre outras. Num <em>site<\/em> europeu ele tamb\u00e9m apresentou deforma\u00e7\u00f5es de sinal e uma curva de resposta de frequ\u00eancia bastante irregular. Como se explica ent\u00e3o sua avalia\u00e7\u00e3o t\u00e3o positiva?<br \/>\n\u00c9 obvio que ele se adaptou aos sistemas de teste, mascarando ou beneficiando falhas do conjunto.<br \/>\n<em>Reviews<\/em> com pontua\u00e7\u00f5es de valor j\u00e1 se tornaram ultrapassados h\u00e1 muito tempo, mas algumas publica\u00e7\u00f5es, infelizmente, ainda insistem em us\u00e1-los em suas arcaicas &#8220;metodologias&#8221;.<\/p>\n<p style=\"text-align: justify;\">Antes de um integrado com altas distor\u00e7\u00f5es e outros problemas t\u00e3o s\u00e9rios quanto, precisamos de um integrado que possua qualidades em seu funcionamento, pelo menos as mais b\u00e1sicas. Poderia ter um controle de tonalidade, um equalizador incorporado e outros ajustes para adequ\u00e1-lo a cada sistema, mas sempre com exemplar qualidade de funcionamento. \u00c9 o que faz o respeitado Eduardo de Lima (da brasileira Audiopax), inventor do premiado recurso Trimbre Lock, um ajuste que proporciona um melhor &#8220;casamento&#8221; entre a caixa ac\u00fastica e o amplificador.<br \/>\nO projeto destas caixas ac\u00fasticas seguiu na mesma dire\u00e7\u00e3o, adequar as caixas ao sistema. Simples e l\u00f3gico.<\/p>\n<p style=\"text-align: justify;\">Quando iniciei esta s\u00e9rie de artigos sobre o desenvolvimento destas caixas, citei que estas eram as melhores caixas ac\u00fasticas do mundo. N\u00e3o houve qualquer inten\u00e7\u00e3o de supervalorizar minha cria\u00e7\u00e3o nem de faltar com a mod\u00e9stia.<br \/>\nA id\u00e9ia era mostrar que uma caixa deve ser bem constru\u00edda, utilizando componentes confi\u00e1veis e de qualidade, mas, antes de tudo, permitir que seja ajustada ao sistema onde ser\u00e1 instalada, sem com isso deteriorar a sua qualidade. Somente desta forma teremos a melhor caixa do mundo para um determinado sistema. Uma caixa personalizada.<br \/>\nClaro que os fabricantes poder\u00e3o produzir produtos com qualidade de fabrica\u00e7\u00e3o e componentes superiores, acrescentando \u00e0 isso esta possibilidade de ajuste fino, e a\u00ed certamente teremos outras &#8220;melhores caixas do mundo&#8221;. Mas, eles ter\u00e3o que mudar, e o consumidor tamb\u00e9m.<\/p>\n<p style=\"text-align: justify;\">Fim da parte VII.<\/p>\n","protected":false},"excerpt":{"rendered":"<div class=\"mh-excerpt\"><p>A montagem de um dos componentes mais importantes da caixa detalhado aqui em textos e fotos.<\/p>\n<\/div>","protected":false},"author":1,"featured_media":1710,"comment_status":"open","ping_status":"closed","sticky":false,"template":"","format":"standard","meta":[],"categories":[16],"tags":[],"_links":{"self":[{"href":"https:\/\/www.hifiplanet.com.br\/blog\/wp-json\/wp\/v2\/posts\/1697"}],"collection":[{"href":"https:\/\/www.hifiplanet.com.br\/blog\/wp-json\/wp\/v2\/posts"}],"about":[{"href":"https:\/\/www.hifiplanet.com.br\/blog\/wp-json\/wp\/v2\/types\/post"}],"author":[{"embeddable":true,"href":"https:\/\/www.hifiplanet.com.br\/blog\/wp-json\/wp\/v2\/users\/1"}],"replies":[{"embeddable":true,"href":"https:\/\/www.hifiplanet.com.br\/blog\/wp-json\/wp\/v2\/comments?post=1697"}],"version-history":[{"count":4,"href":"https:\/\/www.hifiplanet.com.br\/blog\/wp-json\/wp\/v2\/posts\/1697\/revisions"}],"predecessor-version":[{"id":3357,"href":"https:\/\/www.hifiplanet.com.br\/blog\/wp-json\/wp\/v2\/posts\/1697\/revisions\/3357"}],"wp:featuredmedia":[{"embeddable":true,"href":"https:\/\/www.hifiplanet.com.br\/blog\/wp-json\/wp\/v2\/media\/1710"}],"wp:attachment":[{"href":"https:\/\/www.hifiplanet.com.br\/blog\/wp-json\/wp\/v2\/media?parent=1697"}],"wp:term":[{"taxonomy":"category","embeddable":true,"href":"https:\/\/www.hifiplanet.com.br\/blog\/wp-json\/wp\/v2\/categories?post=1697"},{"taxonomy":"post_tag","embeddable":true,"href":"https:\/\/www.hifiplanet.com.br\/blog\/wp-json\/wp\/v2\/tags?post=1697"}],"curies":[{"name":"wp","href":"https:\/\/api.w.org\/{rel}","templated":true}]}}