{"id":3578,"date":"2016-07-24T12:15:45","date_gmt":"2016-07-24T15:15:45","guid":{"rendered":"http:\/\/hifiplanet.com.br\/blog\/?p=3578"},"modified":"2016-07-24T12:18:55","modified_gmt":"2016-07-24T15:18:55","slug":"toca-discos-vertical-da-pro-ject","status":"publish","type":"post","link":"http:\/\/www.hifiplanet.com.br\/blog\/toca-discos-vertical-da-pro-ject\/","title":{"rendered":"Toca-discos Vertical da Pro-Ject"},"content":{"rendered":"<p>Pro-Ject lan\u00e7a seu primeiro toca-discos vertical, prometendo desempenho de alto n\u00edvel.<\/p>\n<p><!--more--><\/p>\n<p>O fabricante ingl\u00eas Pro-Ject Audio Systems lan\u00e7ou seu primeiro toca-discos vertical, que pode ser instalado em um m\u00f3vel ou em uma parede.<\/p>\n<p><a href=\"http:\/\/hifiplanet.com.br\/blog\/wp-content\/uploads\/2016\/07\/project-vertical-turntable.jpg\"><img decoding=\"async\" loading=\"lazy\" class=\"alignnone size-full wp-image-3579\" src=\"http:\/\/hifiplanet.com.br\/blog\/wp-content\/uploads\/2016\/07\/project-vertical-turntable.jpg\" alt=\"project-vertical-turntable\" width=\"678\" height=\"484\" srcset=\"http:\/\/www.hifiplanet.com.br\/blog\/wp-content\/uploads\/2016\/07\/project-vertical-turntable.jpg 678w, http:\/\/www.hifiplanet.com.br\/blog\/wp-content\/uploads\/2016\/07\/project-vertical-turntable-300x214.jpg 300w\" sizes=\"(max-width: 678px) 100vw, 678px\" \/><\/a><\/p>\n<p>Dispon\u00edvel em 3 cores (preto, branco e vermelho), o lan\u00e7amento\u00a0\u00e9 baseado no popular modelo Elemental, reconhecido no\u00a0todo mundo pela seu bom desempenho e pre\u00e7o acess\u00edvel.<\/p>\n<p>A unidade j\u00e1 vem com a c\u00e1psula instalada, uma Ortofon OM5e, e sua montagem \u00e9 muito simples, bastando instalar o prato e a correia de tra\u00e7\u00e3o.<br \/>\nO disco \u00e9 mantido na posi\u00e7\u00e3o atrav\u00e9s de um <em>record clamp<\/em> fornecido com o equipamento. Trata-se de um prendedor que \u00e9 fixado no pino central do prato, de forma simples e r\u00e1pida, e mant\u00e9m o disco firme durante a reprodu\u00e7\u00e3o.<\/p>\n<p>O Bra\u00e7o do toca-discos\u00a0\u00e9 o mesmo modelo\u00a0de alum\u00ednio encontrado no Elementar, mas o seu mecanismo de mola especialmente projetado permite uma trilhagem\u00a0mais precisa dos sulcos do disco, mesmo que ele esteja sendo reproduzido\u00a0verticalmente.<\/p>\n<p>O<span class=\"goog-text-highlight\">\u00a0VT-E, como \u00e9 chamado o novo modelo, \u00e9 fornecido com um jogo\u00a0de cabos de fono Connect-IT E com terminais, para conex\u00e3o simples\u00a0em um pr\u00e9 de\u00a0fono externo.\u00a0<\/span><\/p>\n<p>Para quem quer ainda mais sofistica\u00e7\u00e3o, a Pro-Ject oferece ainda o modelo VT-E BT, com pr\u00e9 de fono e sa\u00edda <em>Bluetooth<\/em> embutidas.<\/p>\n<p>Dados t\u00e9cnicos do VT-E:<\/p>\n<p><strong>Dados t\u00e9cnicos:<\/strong><\/p>\n<table>\n<tbody>\n<tr>\n<td>Agulha\u00a0de substitui\u00e7\u00e3o:<\/td>\n<td>Ortofon 5e Stylus<\/td>\n<\/tr>\n<tr>\n<td>C\u00e1psula\u00a0pr\u00e9-instala:<\/td>\n<td>Ortofon OM5e<\/td>\n<\/tr>\n<tr>\n<td>Velocidades nominais:<\/td>\n<td>33\/45 RPM (Manual)<\/td>\n<\/tr>\n<tr>\n<td>Varia\u00e7\u00e3o de velocidade:<\/td>\n<td>33: 0,14% \u00a0&#8211; \u00a045: 0,25%<\/td>\n<\/tr>\n<tr>\n<td>Modula\u00e7\u00e3o e vibra\u00e7\u00e3o:<\/td>\n<td>0,12%<\/td>\n<\/tr>\n<tr>\n<td>Prato:<\/td>\n<td>300 mil\u00edmetros em MDF (peso: 0,8 kg)<\/td>\n<\/tr>\n<tr>\n<td>Rolamento principal:<\/td>\n<td><span class=\"goog-text-highlight\">A\u00e7o inoxid\u00e1vel\u00a0<\/span><\/td>\n<\/tr>\n<tr>\n<td>Comprimento do bra\u00e7o:<\/td>\n<td>8.6 &#8220;(218,5 mil\u00edmetros)<\/td>\n<\/tr>\n<tr>\n<td>Massa efetiva do bra\u00e7o:<\/td>\n<td>8.0gr<\/td>\n<\/tr>\n<tr>\n<td>Overhang:<\/td>\n<td>22,0 mil\u00edmetros<\/td>\n<\/tr>\n<tr>\n<td>Faixa de for\u00e7a de trilhagem:<\/td>\n<td>0 &#8211; 25 mN<\/td>\n<\/tr>\n<tr>\n<td>Consumo de energia:<\/td>\n<td>4.5W<\/td>\n<\/tr>\n<tr>\n<td>Dimens\u00f5es (L x A x P):<\/td>\n<td>Em p\u00e9: 430 x 345 x 245 mil\u00edmetros<br \/>\nParede: 430 x 310 x 130 mil\u00edmetros<\/td>\n<\/tr>\n<tr>\n<td>Peso:<\/td>\n<td>3,6 kg<\/td>\n<\/tr>\n<\/tbody>\n<\/table>\n<p><strong><br \/>\nPre\u00e7o do VT-E na Inglaterra:<\/strong>\u00a0 \u20ac 299,00<\/p>\n<p><strong>Manual do usu\u00e1rio (download em PDF):<\/strong>\u00a0<a href=\"http:\/\/www.henleydesigns.co.uk\/assets\/_managed\/product\/files\/PJ-Phono-VT-E_R-Userguide-30052016.pdf\" target=\"_blank\">VT-E Manual<\/a><\/p>\n<p><strong>P\u00e1gina do fabricante:<\/strong>\u00a0<a href=\"http:\/\/www.project-audio.com\/main.php?list=vteline&amp;cat=turntables&amp;lang=en\" target=\"_blank\">www.project-audio.com<\/a><\/p>\n<p><strong>V\u00eddeo de demonstra\u00e7\u00e3o:<\/strong><\/p>\n<p><iframe loading=\"lazy\" src=\"https:\/\/www.youtube.com\/embed\/FdhY1rZsi-c\" width=\"560\" height=\"315\" frameborder=\"0\" allowfullscreen=\"allowfullscreen\"><\/iframe><\/p>\n<p><a href=\"http:\/\/hifiplanet.com.br\/blog\/wp-content\/uploads\/2016\/07\/project-vertical-red.jpg\"><img decoding=\"async\" loading=\"lazy\" class=\"alignnone size-full wp-image-3580\" src=\"http:\/\/hifiplanet.com.br\/blog\/wp-content\/uploads\/2016\/07\/project-vertical-red.jpg\" alt=\"project-vertical-red\" width=\"678\" height=\"552\" srcset=\"http:\/\/www.hifiplanet.com.br\/blog\/wp-content\/uploads\/2016\/07\/project-vertical-red.jpg 678w, http:\/\/www.hifiplanet.com.br\/blog\/wp-content\/uploads\/2016\/07\/project-vertical-red-300x244.jpg 300w\" sizes=\"(max-width: 678px) 100vw, 678px\" \/><\/a><\/p>\n<p><a href=\"http:\/\/hifiplanet.com.br\/blog\/wp-content\/uploads\/2016\/07\/project-vertical-red-2.jpg\"><img decoding=\"async\" loading=\"lazy\" class=\"alignnone size-full wp-image-3582\" src=\"http:\/\/hifiplanet.com.br\/blog\/wp-content\/uploads\/2016\/07\/project-vertical-red-2.jpg\" alt=\"project-vertical-red-2\" width=\"678\" height=\"535\" srcset=\"http:\/\/www.hifiplanet.com.br\/blog\/wp-content\/uploads\/2016\/07\/project-vertical-red-2.jpg 678w, http:\/\/www.hifiplanet.com.br\/blog\/wp-content\/uploads\/2016\/07\/project-vertical-red-2-300x237.jpg 300w\" sizes=\"(max-width: 678px) 100vw, 678px\" \/><\/a><\/p>\n<p><a href=\"http:\/\/hifiplanet.com.br\/blog\/wp-content\/uploads\/2016\/07\/Untitled-2.jpg\"><img decoding=\"async\" loading=\"lazy\" class=\"alignnone size-full wp-image-3584\" src=\"http:\/\/hifiplanet.com.br\/blog\/wp-content\/uploads\/2016\/07\/Untitled-2.jpg\" alt=\"Untitled-2\" width=\"613\" height=\"869\" srcset=\"http:\/\/www.hifiplanet.com.br\/blog\/wp-content\/uploads\/2016\/07\/Untitled-2.jpg 613w, http:\/\/www.hifiplanet.com.br\/blog\/wp-content\/uploads\/2016\/07\/Untitled-2-212x300.jpg 212w\" sizes=\"(max-width: 613px) 100vw, 613px\" \/><\/a><\/p>\n<p><a href=\"http:\/\/hifiplanet.com.br\/blog\/wp-content\/uploads\/2016\/07\/project-vertical-red-3.jpg\"><img decoding=\"async\" loading=\"lazy\" class=\"alignnone size-full wp-image-3583\" src=\"http:\/\/hifiplanet.com.br\/blog\/wp-content\/uploads\/2016\/07\/project-vertical-red-3.jpg\" alt=\"project-vertical-red-3\" width=\"678\" height=\"656\" srcset=\"http:\/\/www.hifiplanet.com.br\/blog\/wp-content\/uploads\/2016\/07\/project-vertical-red-3.jpg 678w, http:\/\/www.hifiplanet.com.br\/blog\/wp-content\/uploads\/2016\/07\/project-vertical-red-3-300x290.jpg 300w\" sizes=\"(max-width: 678px) 100vw, 678px\" \/><\/a><\/p>\n","protected":false},"excerpt":{"rendered":"<div class=\"mh-excerpt\"><p>Pro-Ject lan\u00e7a seu primeiro toca-discos vertical, prometendo desempenho de alto n\u00edvel.<\/p>\n<\/div>","protected":false},"author":1,"featured_media":3581,"comment_status":"open","ping_status":"closed","sticky":false,"template":"","format":"standard","meta":[],"categories":[129,13],"tags":[],"_links":{"self":[{"href":"http:\/\/www.hifiplanet.com.br\/blog\/wp-json\/wp\/v2\/posts\/3578"}],"collection":[{"href":"http:\/\/www.hifiplanet.com.br\/blog\/wp-json\/wp\/v2\/posts"}],"about":[{"href":"http:\/\/www.hifiplanet.com.br\/blog\/wp-json\/wp\/v2\/types\/post"}],"author":[{"embeddable":true,"href":"http:\/\/www.hifiplanet.com.br\/blog\/wp-json\/wp\/v2\/users\/1"}],"replies":[{"embeddable":true,"href":"http:\/\/www.hifiplanet.com.br\/blog\/wp-json\/wp\/v2\/comments?post=3578"}],"version-history":[{"count":3,"href":"http:\/\/www.hifiplanet.com.br\/blog\/wp-json\/wp\/v2\/posts\/3578\/revisions"}],"predecessor-version":[{"id":3587,"href":"http:\/\/www.hifiplanet.com.br\/blog\/wp-json\/wp\/v2\/posts\/3578\/revisions\/3587"}],"wp:featuredmedia":[{"embeddable":true,"href":"http:\/\/www.hifiplanet.com.br\/blog\/wp-json\/wp\/v2\/media\/3581"}],"wp:attachment":[{"href":"http:\/\/www.hifiplanet.com.br\/blog\/wp-json\/wp\/v2\/media?parent=3578"}],"wp:term":[{"taxonomy":"category","embeddable":true,"href":"http:\/\/www.hifiplanet.com.br\/blog\/wp-json\/wp\/v2\/categories?post=3578"},{"taxonomy":"post_tag","embeddable":true,"href":"http:\/\/www.hifiplanet.com.br\/blog\/wp-json\/wp\/v2\/tags?post=3578"}],"curies":[{"name":"wp","href":"https:\/\/api.w.org\/{rel}","templated":true}]}}